{"id":4610,"date":"2025-09-12T09:24:00","date_gmt":"2025-09-12T09:24:00","guid":{"rendered":"https:\/\/www.abchukuk.com\/index.php\/2025\/09\/12\/lezzetli-zeytinleriyle-her-sofrada-bulunuyordu-dev-firma-konkordato-ilan-etti-mahkemeden-3-aylik-sure\/"},"modified":"2025-09-12T09:24:00","modified_gmt":"2025-09-12T09:24:00","slug":"lezzetli-zeytinleriyle-her-sofrada-bulunuyordu-dev-firma-konkordato-ilan-etti-mahkemeden-3-aylik-sure","status":"publish","type":"post","link":"https:\/\/www.abchukuk.com\/index.php\/2025\/09\/12\/lezzetli-zeytinleriyle-her-sofrada-bulunuyordu-dev-firma-konkordato-ilan-etti-mahkemeden-3-aylik-sure\/","title":{"rendered":"Lezzetli Zeytinleriyle Her Sofrada Bulunuyordu: Dev Firma Konkordato \u0130lan Etti! Mahkemeden 3 Ayl\u0131k S\u00fcre"},"content":{"rendered":"<p><a href=\"https:\/\/www.gercekgundem.com\/ekonomi\/lezzetli-zeytinleriyle-her-sofrada-bulunuyordu-dev-firma-konkordato-ilan-etti-mahkemeden-3-aylik-sure-554971\"><br \/>\n                                                            <img decoding=\"async\" src=\"https:\/\/i.gercekgundem.com\/2\/150\/84\/storage\/files\/images\/2025\/09\/12\/lezzetli-zeytinleriyle-her-sofrada-bulunuyordu-dev-firma-konkordato-ilan-etti-mahkemeden-3-aylik-sure-g3cg.jpg\" width=\"150\" height=\"84\" border=\"0\" align=\"right\" \/><br \/>\n                                                    <\/a><\/p>\n<h4>T\u00fcrkiye\u2019de ya\u015fanan artan enflasyon ve ekonomik kriz t\u00fcm sekt\u00f6rleri olumsuz etkilemeye devam ediyor. Son olarak Manisa\u2019da \u00fcretim tesisi bulunan ve H\u00fcnkar isimli zeytin markas\u0131yla tan\u0131nan Tusem Tar\u0131m, ya\u015fanan ekonomik krize daha fazla dayanamad\u0131 ve konkordato talebinde bulundu.<\/h4>\n<p>T\u00fcrkiye\u2019de ya\u015fanan artan enflasyon ve ekonomik kriz t\u00fcm sekt\u00f6rleri olumsuz etkilemeye devam ediyor. Son olarak Manisa\u2019da \u00fcretim tesisi bulunan ve H\u00fcnkar isimli zeytin markas\u0131yla tan\u0131nan Tusem Tar\u0131m, ya\u015fanan ekonomik krize daha fazla dayanamad\u0131 ve konkordato talebinde bulundu.\u00a0<a href=\"https:\/\/www.gercekgundem.com\/ekonomi\/lezzetli-zeytinleriyle-her-sofrada-bulunuyordu-dev-firma-konkordato-ilan-etti-mahkemeden-3-aylik-sure-554971\" target=\"_blank\" class=\"feedzy-rss-link-icon\">Read More<\/a><\/p>","protected":false},"excerpt":{"rendered":"<p>T\u00fcrkiye\u2019de ya\u015fanan artan enflasyon ve ekonomik kriz t\u00fcm sekt\u00f6rleri olumsuz etkilemeye devam ediyor. Son olarak Manisa\u2019da \u00fcretim tesisi bulunan ve H\u00fcnkar isimli zeytin markas\u0131yla tan\u0131nan Tusem Tar\u0131m, ya\u015fanan ekonomik krize daha fazla dayanamad\u0131 ve konkordato talebinde bulundu. T\u00fcrkiye\u2019de ya\u015fanan artan enflasyon ve ekonomik kriz t\u00fcm sekt\u00f6rleri olumsuz etkilemeye devam ediyor. Son olarak Manisa\u2019da \u00fcretim tesisi [&hellip;]<\/p>\n","protected":false},"author":1,"featured_media":4611,"comment_status":"open","ping_status":"open","sticky":false,"template":"","format":"standard","meta":{"footnotes":"","_links_to":"","_links_to_target":""},"categories":[1],"tags":[],"class_list":["post-4610","post","type-post","status-publish","format-standard","has-post-thumbnail","hentry","category-haberler"],"_links":{"self":[{"href":"https:\/\/www.abchukuk.com\/index.php\/wp-json\/wp\/v2\/posts\/4610","targetHints":{"allow":["GET"]}}],"collection":[{"href":"https:\/\/www.abchukuk.com\/index.php\/wp-json\/wp\/v2\/posts"}],"about":[{"href":"https:\/\/www.abchukuk.com\/index.php\/wp-json\/wp\/v2\/types\/post"}],"author":[{"embeddable":true,"href":"https:\/\/www.abchukuk.com\/index.php\/wp-json\/wp\/v2\/users\/1"}],"replies":[{"embeddable":true,"href":"https:\/\/www.abchukuk.com\/index.php\/wp-json\/wp\/v2\/comments?post=4610"}],"version-history":[{"count":0,"href":"https:\/\/www.abchukuk.com\/index.php\/wp-json\/wp\/v2\/posts\/4610\/revisions"}],"wp:featuredmedia":[{"embeddable":true,"href":"https:\/\/www.abchukuk.com\/index.php\/wp-json\/wp\/v2\/media\/4611"}],"wp:attachment":[{"href":"https:\/\/www.abchukuk.com\/index.php\/wp-json\/wp\/v2\/media?parent=4610"}],"wp:term":[{"taxonomy":"category","embeddable":true,"href":"https:\/\/www.abchukuk.com\/index.php\/wp-json\/wp\/v2\/categories?post=4610"},{"taxonomy":"post_tag","embeddable":true,"href":"https:\/\/www.abchukuk.com\/index.php\/wp-json\/wp\/v2\/tags?post=4610"}],"curies":[{"name":"wp","href":"https:\/\/api.w.org\/{rel}","templated":true}]}}