{"id":4609,"date":"2025-09-10T12:53:37","date_gmt":"2025-09-10T12:53:37","guid":{"rendered":"https:\/\/www.abchukuk.com\/index.php\/2025\/09\/10\/solingende-bicakli-saldiri-saldirgan-omur-boyu-hapis-cezasina-carptirildi\/"},"modified":"2025-09-10T12:53:37","modified_gmt":"2025-09-10T12:53:37","slug":"solingende-bicakli-saldiri-saldirgan-omur-boyu-hapis-cezasina-carptirildi","status":"publish","type":"post","link":"https:\/\/www.abchukuk.com\/index.php\/2025\/09\/10\/solingende-bicakli-saldiri-saldirgan-omur-boyu-hapis-cezasina-carptirildi\/","title":{"rendered":"Solingen&#8217;de b\u0131\u00e7akl\u0131 sald\u0131r\u0131: Sald\u0131rgan \u00f6m\u00fcr boyu hapis cezas\u0131na \u00e7arpt\u0131r\u0131ld\u0131"},"content":{"rendered":"<p>Solingen&#8217;de A\u011fustos 2024&#8217;te bir festivalde meydana gelen b\u0131\u00e7akl\u0131 sald\u0131r\u0131da \u00fc\u00e7 ki\u015fi \u00f6ld\u00fc, sekiz ki\u015fi de yaraland\u0131. Sald\u0131r\u0131y\u0131 I\u015e\u0130D \u00fcstlendi.Solingen&#8217;de A\u011fustos 2024&#8217;te bir festivalde meydana gelen b\u0131\u00e7akl\u0131 sald\u0131r\u0131da \u00fc\u00e7 ki\u015fi \u00f6ld\u00fc, sekiz ki\u015fi de yaraland\u0131. Sald\u0131r\u0131y\u0131 I\u015e\u0130D \u00fcstlendi.\u00a0<a href=\"http:\/\/tr.euronews.com\/2025\/09\/10\/solingende-bicakli-saldiri-saldirgan-omur-boyu-hapis-cezasina-carptirildi\" target=\"_blank\" class=\"feedzy-rss-link-icon\">Read More<\/a><\/p>","protected":false},"excerpt":{"rendered":"<p>Solingen&#8217;de A\u011fustos 2024&#8217;te bir festivalde meydana gelen b\u0131\u00e7akl\u0131 sald\u0131r\u0131da \u00fc\u00e7 ki\u015fi \u00f6ld\u00fc, sekiz ki\u015fi de yaraland\u0131. Sald\u0131r\u0131y\u0131 I\u015e\u0130D \u00fcstlendi.Solingen&#8217;de A\u011fustos 2024&#8217;te bir festivalde meydana gelen b\u0131\u00e7akl\u0131 sald\u0131r\u0131da \u00fc\u00e7 ki\u015fi \u00f6ld\u00fc, sekiz ki\u015fi de yaraland\u0131. Sald\u0131r\u0131y\u0131 I\u015e\u0130D \u00fcstlendi.\u00a0Read More<\/p>\n","protected":false},"author":1,"featured_media":0,"comment_status":"open","ping_status":"open","sticky":false,"template":"","format":"standard","meta":{"footnotes":"","_links_to":"","_links_to_target":""},"categories":[1],"tags":[],"class_list":["post-4609","post","type-post","status-publish","format-standard","hentry","category-haberler"],"_links":{"self":[{"href":"https:\/\/www.abchukuk.com\/index.php\/wp-json\/wp\/v2\/posts\/4609","targetHints":{"allow":["GET"]}}],"collection":[{"href":"https:\/\/www.abchukuk.com\/index.php\/wp-json\/wp\/v2\/posts"}],"about":[{"href":"https:\/\/www.abchukuk.com\/index.php\/wp-json\/wp\/v2\/types\/post"}],"author":[{"embeddable":true,"href":"https:\/\/www.abchukuk.com\/index.php\/wp-json\/wp\/v2\/users\/1"}],"replies":[{"embeddable":true,"href":"https:\/\/www.abchukuk.com\/index.php\/wp-json\/wp\/v2\/comments?post=4609"}],"version-history":[{"count":0,"href":"https:\/\/www.abchukuk.com\/index.php\/wp-json\/wp\/v2\/posts\/4609\/revisions"}],"wp:attachment":[{"href":"https:\/\/www.abchukuk.com\/index.php\/wp-json\/wp\/v2\/media?parent=4609"}],"wp:term":[{"taxonomy":"category","embeddable":true,"href":"https:\/\/www.abchukuk.com\/index.php\/wp-json\/wp\/v2\/categories?post=4609"},{"taxonomy":"post_tag","embeddable":true,"href":"https:\/\/www.abchukuk.com\/index.php\/wp-json\/wp\/v2\/tags?post=4609"}],"curies":[{"name":"wp","href":"https:\/\/api.w.org\/{rel}","templated":true}]}}