{"id":4600,"date":"2025-09-12T08:29:00","date_gmt":"2025-09-12T08:29:00","guid":{"rendered":"https:\/\/www.abchukuk.com\/index.php\/2025\/09\/12\/minguzzi-cinayeti-sonrasi-gundeme-geldi-akpnin-suca-suruklenen-cocuk-teklifi-ortaya-cikti-iste-taslak-metindeki-maddeler\/"},"modified":"2025-09-12T08:29:00","modified_gmt":"2025-09-12T08:29:00","slug":"minguzzi-cinayeti-sonrasi-gundeme-geldi-akpnin-suca-suruklenen-cocuk-teklifi-ortaya-cikti-iste-taslak-metindeki-maddeler","status":"publish","type":"post","link":"https:\/\/www.abchukuk.com\/index.php\/2025\/09\/12\/minguzzi-cinayeti-sonrasi-gundeme-geldi-akpnin-suca-suruklenen-cocuk-teklifi-ortaya-cikti-iste-taslak-metindeki-maddeler\/","title":{"rendered":"Minguzzi Cinayeti Sonras\u0131 G\u00fcndeme Geldi! AKP&#8217;nin &#8216;Su\u00e7a S\u00fcr\u00fcklenen \u00c7ocuk&#8217; Teklifi Ortaya \u00c7\u0131kt\u0131, \u0130\u015fte Taslak Metindeki Maddeler&#8230;"},"content":{"rendered":"<p><a href=\"https:\/\/www.gercekgundem.com\/guncel\/minguzzi-cinayeti-sonrasi-gundeme-geldi-akpnin-suca-suruklenen-cocuk-teklifi-ortaya-cikti-iste-taslak-metindeki-maddeler-554958\"><br \/>\n                                                            <img decoding=\"async\" src=\"https:\/\/i.gercekgundem.com\/2\/150\/84\/storage\/files\/images\/2025\/09\/12\/minguzzi-cinayeti-sonrasi-gundeme-geldi-akpnin-suca-suruklenen-cocuk-teklifi-ortaya-cikti-iste-taslak-metindeki-maddeler-1ywu.jpg\" width=\"150\" height=\"84\" border=\"0\" align=\"right\" \/><br \/>\n                                                    <\/a><\/p>\n<h4>AKP&#8217;nin su\u00e7a s\u00fcr\u00fcklenen \u00e7ocuklara ili\u015fkin yeni yasa teklifinin taslak metni ortaya \u00e7\u0131kt\u0131. Buna g\u00f6re, 15 ila 18 ya\u015f\u0131nda olan \u00e7ocuklar hakk\u0131nda, a\u011f\u0131rla\u015ft\u0131r\u0131lm\u0131\u015f m\u00fcebbet hapis cezas\u0131n\u0131 gerektirdi\u011fi durumlarda ceza \u00fcst s\u0131n\u0131r\u0131 24 y\u0131ldan 27 y\u0131la, m\u00fcebbet gerektirdi\u011fi hallerde ise 15 y\u0131ldan 18 y\u0131la \u00e7\u0131kar\u0131lacak.<\/h4>\n<p>AKP&#8217;nin su\u00e7a s\u00fcr\u00fcklenen \u00e7ocuklara ili\u015fkin yeni yasa teklifinin taslak metni ortaya \u00e7\u0131kt\u0131. Buna g\u00f6re, 15 ila 18 ya\u015f\u0131nda olan \u00e7ocuklar hakk\u0131nda, a\u011f\u0131rla\u015ft\u0131r\u0131lm\u0131\u015f m\u00fcebbet hapis cezas\u0131n\u0131 gerektirdi\u011fi durumlarda ceza \u00fcst s\u0131n\u0131r\u0131 24 y\u0131ldan 27 y\u0131la, m\u00fcebbet gerektirdi\u011fi hallerde ise 15 y\u0131ldan 18 y\u0131la \u00e7\u0131kar\u0131lacak.\u00a0<a href=\"https:\/\/www.gercekgundem.com\/guncel\/minguzzi-cinayeti-sonrasi-gundeme-geldi-akpnin-suca-suruklenen-cocuk-teklifi-ortaya-cikti-iste-taslak-metindeki-maddeler-554958\" target=\"_blank\" class=\"feedzy-rss-link-icon\">Read More<\/a><\/p>","protected":false},"excerpt":{"rendered":"<p>AKP&#8217;nin su\u00e7a s\u00fcr\u00fcklenen \u00e7ocuklara ili\u015fkin yeni yasa teklifinin taslak metni ortaya \u00e7\u0131kt\u0131. Buna g\u00f6re, 15 ila 18 ya\u015f\u0131nda olan \u00e7ocuklar hakk\u0131nda, a\u011f\u0131rla\u015ft\u0131r\u0131lm\u0131\u015f m\u00fcebbet hapis cezas\u0131n\u0131 gerektirdi\u011fi durumlarda ceza \u00fcst s\u0131n\u0131r\u0131 24 y\u0131ldan 27 y\u0131la, m\u00fcebbet gerektirdi\u011fi hallerde ise 15 y\u0131ldan 18 y\u0131la \u00e7\u0131kar\u0131lacak. AKP&#8217;nin su\u00e7a s\u00fcr\u00fcklenen \u00e7ocuklara ili\u015fkin yeni yasa teklifinin taslak metni ortaya \u00e7\u0131kt\u0131. [&hellip;]<\/p>\n","protected":false},"author":1,"featured_media":4601,"comment_status":"open","ping_status":"open","sticky":false,"template":"","format":"standard","meta":{"footnotes":"","_links_to":"","_links_to_target":""},"categories":[1],"tags":[],"class_list":["post-4600","post","type-post","status-publish","format-standard","has-post-thumbnail","hentry","category-haberler"],"_links":{"self":[{"href":"https:\/\/www.abchukuk.com\/index.php\/wp-json\/wp\/v2\/posts\/4600","targetHints":{"allow":["GET"]}}],"collection":[{"href":"https:\/\/www.abchukuk.com\/index.php\/wp-json\/wp\/v2\/posts"}],"about":[{"href":"https:\/\/www.abchukuk.com\/index.php\/wp-json\/wp\/v2\/types\/post"}],"author":[{"embeddable":true,"href":"https:\/\/www.abchukuk.com\/index.php\/wp-json\/wp\/v2\/users\/1"}],"replies":[{"embeddable":true,"href":"https:\/\/www.abchukuk.com\/index.php\/wp-json\/wp\/v2\/comments?post=4600"}],"version-history":[{"count":0,"href":"https:\/\/www.abchukuk.com\/index.php\/wp-json\/wp\/v2\/posts\/4600\/revisions"}],"wp:featuredmedia":[{"embeddable":true,"href":"https:\/\/www.abchukuk.com\/index.php\/wp-json\/wp\/v2\/media\/4601"}],"wp:attachment":[{"href":"https:\/\/www.abchukuk.com\/index.php\/wp-json\/wp\/v2\/media?parent=4600"}],"wp:term":[{"taxonomy":"category","embeddable":true,"href":"https:\/\/www.abchukuk.com\/index.php\/wp-json\/wp\/v2\/categories?post=4600"},{"taxonomy":"post_tag","embeddable":true,"href":"https:\/\/www.abchukuk.com\/index.php\/wp-json\/wp\/v2\/tags?post=4600"}],"curies":[{"name":"wp","href":"https:\/\/api.w.org\/{rel}","templated":true}]}}