{"id":4585,"date":"2025-09-12T07:42:08","date_gmt":"2025-09-12T07:42:08","guid":{"rendered":"https:\/\/www.abchukuk.com\/index.php\/2025\/09\/12\/hakimler-ve-savcilar-umuma-acik-yerde-salllandirilmali-dedi-alcak-paylasima-tutuklama-geldi\/"},"modified":"2025-09-12T07:42:08","modified_gmt":"2025-09-12T07:42:08","slug":"hakimler-ve-savcilar-umuma-acik-yerde-salllandirilmali-dedi-alcak-paylasima-tutuklama-geldi","status":"publish","type":"post","link":"https:\/\/www.abchukuk.com\/index.php\/2025\/09\/12\/hakimler-ve-savcilar-umuma-acik-yerde-salllandirilmali-dedi-alcak-paylasima-tutuklama-geldi\/","title":{"rendered":"\u201cHakimler ve savc\u0131lar umuma a\u00e7\u0131k yerde sallland\u0131r\u0131lmal\u0131\u201d dedi! Al\u00e7ak payla\u015f\u0131ma tutuklama geldi"},"content":{"rendered":"<p>Bak\u0131rk\u00f6y Cumhuriyet Ba\u015fsavc\u0131l\u0131\u011f\u0131 sosyal medya platformu X\u2019de \u201cHakimler ve savc\u0131lar umumu a\u00e7\u0131k yerde salland\u0131r\u0131lmal\u0131\u201d \u015feklinde yap\u0131lan bir payla\u015f\u0131mla ilgili re\u2019sen soru\u015fturma ba\u015flatt\u0131. Bak\u0131rk\u00f6y Adliyesi\u2019\u0131nde g\u00f6r\u00fclmekte olan ve kamuoyunda \u2018Yen\u0131do\u011fan \u00c7etesi\u2019 olarak bilinen davan\u0131n duru\u015fmas\u0131nda \u00fc\u00e7 san\u0131\u011f\u0131n tahliye edilmesinden hemen sonra yap\u0131lan bu payla\u015f\u0131ma ili\u015fkin tespit edilen D.L.\u2019nin X hesab\u0131 incelendi\u011finde su\u00e7 te\u015fkil eden bir\u00e7ok payla\u015f\u0131mlar yapt\u0131\u011f\u0131 g\u00f6r\u00fcld\u00fc.<img fetchpriority=\"high\" decoding=\"async\" class=\"alignnone size-full wp-image-162885\" src=\"https:\/\/www.son.tv\/wp-content\/uploads\/2025\/09\/WhatsApp-Image-2025-09-12-at-10.26.39.jpeg\" alt=\"\" width=\"872\" height=\"369\" \/><\/p>\n<p>AL\u00c7AK PAYLA\u015eIMA TUTUKLAMA<\/p>\n<p>Bak\u0131rk\u00f6y Cumhuriyet Ba\u015fsavc\u0131l\u0131\u011f\u0131 taraf\u0131ndan ba\u015flat\u0131lan soru\u015fturma kapsam\u0131nda \u015f\u00fcpheli D.L. \u2018su\u00e7 i\u015flemeye alenen tahrik etme\u2019, \u2018halk\u0131 kin ve d\u00fc\u015fmanl\u0131\u011fa alenen tahrik etme\u2019 ve \u2018yan\u0131lt\u0131c\u0131 bilgiyi alenen yayma\u2019 su\u00e7lar\u0131 kapsam\u0131nda g\u00f6zalt\u0131na al\u0131nd\u0131. Savc\u0131l\u0131k sorgusunun ard\u0131ndan bu su\u00e7lar kapsam\u0131nda tutuklama talebiyle N\u00f6bet\u00e7i Sulh Ceza Hakimli\u011fi\u2019ne sevk edilen \u015f\u00fcpheli D.L. tutuklanarak cezaevine g\u00f6nderildi.<\/p>\n<p><img decoding=\"async\" class=\"alignnone size-full wp-image-162886\" src=\"https:\/\/www.son.tv\/wp-content\/uploads\/2025\/09\/WhatsApp-Image-2025-09-12-at-10.26.39-1.jpeg\" alt=\"\" width=\"867\" height=\"833\" \/><\/p>\n<p>\u201cCAH\u0130LCE B\u0130R \u015eEY YAPTIM\u201d<\/p>\n<p>\u015e\u00fcpheli D.L., Sulh Ceza Hakimli\u011fi sorgusunda ise \u015funlar\u0131 s\u00f6yledi: \u201c\u0130ki polisin \u015fehit edilmesi ve Yenido\u011fan \u00c7etesi olaylar\u0131ndan etkilendim ve bunlar\u0131 yazd\u0131m. Bunlardan pi\u015fman\u0131m. Toplumu kin ve d\u00fc\u015fmanl\u0131\u011fa sevk etmek istemedim. Anl\u0131k sinirle yapt\u0131m. Hayat\u0131m boyunca kurallara hep uydum. Bebekler ve polislerin \u015fehit edilmesine kar\u015f\u0131 sert konu\u015ftum. Cahilce bir \u015fey yapt\u0131m. Sinirimi kontrol edemedim. \u0130ki kere Whatsaptan tehdit edildim ve korktum. Annem i\u00e7in korktum. T\u00fcm payla\u015f\u0131mlar\u0131 silip hesab\u0131 kapataca\u011f\u0131m. \u00c7ok pi\u015fman\u0131m\u201d<\/p>\n<p>\u0130\u011eREN\u00c7 PAYLA\u015eIMLAR<\/p>\n<p>\u015e\u00fcpheli D.L.\u2019nin su\u00e7 te\u015fkil eden payla\u015f\u0131mlar\u0131ndan baz\u0131lar\u0131 ise \u015f\u00f6yle:<\/p>\n<p>\u201c\u0130slam takkiye dinidir\u201d<\/p>\n<p>\u201cArap dini d\u00fc\u015f\u00fckt\u00fcr. Seviyesi d\u00fc\u015f\u00fckt\u00fcr. Ahlak\u0131 yozdur. Eserlerini okuruz. K\u00fclt\u00fcrlerinden beriyiz\u201d<\/p>\n<p>\u201cGazze, Filistin diye payla\u015f\u0131m yapar. A\u00e7\u0131n hesab\u0131na bak\u0131n makyajl\u0131 t\u00fcrbanl\u0131 ucubenin\u201d<\/p>\n<p>Bak\u0131rk\u00f6y Cumhuriyet Ba\u015fsavc\u0131l\u0131\u011f\u0131 sosyal medya platformu X\u2019de yap\u0131lan \u2018Hakimler ve savc\u0131lar umumu a\u00e7\u0131k yerde salland\u0131r\u0131lmal\u0131&#8221; \u015feklinde payla\u015f\u0131m \u00fczerine re\u2019sen soru\u015fturma ba\u015flatt\u0131. Soru\u015fturma kapsam\u0131nda g\u00f6zalt\u0131na al\u0131nan \u015f\u00fcpheli D.L. \u00fc\u00e7 ayr\u0131 su\u00e7tan tutuklanarak cezaevine g\u00f6nderildi.\u00a0<a href=\"https:\/\/www.son.tv\/hakimler-ve-savcilar-umuma-acik-yerde-salllandirilmali-dedi-alcak-paylasima-tutuklama-geldi\/\" target=\"_blank\" class=\"feedzy-rss-link-icon\">Read More<\/a><\/p>","protected":false},"excerpt":{"rendered":"<p>Bak\u0131rk\u00f6y Cumhuriyet Ba\u015fsavc\u0131l\u0131\u011f\u0131 sosyal medya platformu X\u2019de \u201cHakimler ve savc\u0131lar umumu a\u00e7\u0131k yerde salland\u0131r\u0131lmal\u0131\u201d \u015feklinde yap\u0131lan bir payla\u015f\u0131mla ilgili re\u2019sen soru\u015fturma ba\u015flatt\u0131. Bak\u0131rk\u00f6y Adliyesi\u2019\u0131nde g\u00f6r\u00fclmekte olan ve kamuoyunda \u2018Yen\u0131do\u011fan \u00c7etesi\u2019 olarak bilinen davan\u0131n duru\u015fmas\u0131nda \u00fc\u00e7 san\u0131\u011f\u0131n tahliye edilmesinden hemen sonra yap\u0131lan bu payla\u015f\u0131ma ili\u015fkin tespit edilen D.L.\u2019nin X hesab\u0131 incelendi\u011finde su\u00e7 te\u015fkil eden bir\u00e7ok payla\u015f\u0131mlar [&hellip;]<\/p>\n","protected":false},"author":1,"featured_media":4586,"comment_status":"open","ping_status":"open","sticky":false,"template":"","format":"standard","meta":{"footnotes":"","_links_to":"","_links_to_target":""},"categories":[1],"tags":[],"class_list":["post-4585","post","type-post","status-publish","format-standard","has-post-thumbnail","hentry","category-haberler"],"_links":{"self":[{"href":"https:\/\/www.abchukuk.com\/index.php\/wp-json\/wp\/v2\/posts\/4585","targetHints":{"allow":["GET"]}}],"collection":[{"href":"https:\/\/www.abchukuk.com\/index.php\/wp-json\/wp\/v2\/posts"}],"about":[{"href":"https:\/\/www.abchukuk.com\/index.php\/wp-json\/wp\/v2\/types\/post"}],"author":[{"embeddable":true,"href":"https:\/\/www.abchukuk.com\/index.php\/wp-json\/wp\/v2\/users\/1"}],"replies":[{"embeddable":true,"href":"https:\/\/www.abchukuk.com\/index.php\/wp-json\/wp\/v2\/comments?post=4585"}],"version-history":[{"count":0,"href":"https:\/\/www.abchukuk.com\/index.php\/wp-json\/wp\/v2\/posts\/4585\/revisions"}],"wp:featuredmedia":[{"embeddable":true,"href":"https:\/\/www.abchukuk.com\/index.php\/wp-json\/wp\/v2\/media\/4586"}],"wp:attachment":[{"href":"https:\/\/www.abchukuk.com\/index.php\/wp-json\/wp\/v2\/media?parent=4585"}],"wp:term":[{"taxonomy":"category","embeddable":true,"href":"https:\/\/www.abchukuk.com\/index.php\/wp-json\/wp\/v2\/categories?post=4585"},{"taxonomy":"post_tag","embeddable":true,"href":"https:\/\/www.abchukuk.com\/index.php\/wp-json\/wp\/v2\/tags?post=4585"}],"curies":[{"name":"wp","href":"https:\/\/api.w.org\/{rel}","templated":true}]}}