{"id":4575,"date":"2025-09-12T06:04:02","date_gmt":"2025-09-12T06:04:02","guid":{"rendered":"https:\/\/www.abchukuk.com\/index.php\/2025\/09\/12\/bakan-yerlikaya-38-ildeki-isid-operasyonunu-duyurdu-161-supheli-gozaltinda\/"},"modified":"2025-09-12T06:04:02","modified_gmt":"2025-09-12T06:04:02","slug":"bakan-yerlikaya-38-ildeki-isid-operasyonunu-duyurdu-161-supheli-gozaltinda","status":"publish","type":"post","link":"https:\/\/www.abchukuk.com\/index.php\/2025\/09\/12\/bakan-yerlikaya-38-ildeki-isid-operasyonunu-duyurdu-161-supheli-gozaltinda\/","title":{"rendered":"Bakan Yerlikaya, 38 ildeki I\u015e\u0130D operasyonunu duyurdu: 161 \u015f\u00fcpheli g\u00f6zalt\u0131nda"},"content":{"rendered":"<p>\u0130\u00e7i\u015fleri Bakan\u0131 Ali Yerlikaya, I\u015e\u0130D&#8217;e y\u00f6nelik operasyonlarda 161 \u015f\u00fcphelinin g\u00f6zalt\u0131na al\u0131nd\u0131\u011f\u0131n\u0131 bildirdi. Bakan Yerlikaya, operasyonlar\u0131n 38 ilde ger\u00e7ekle\u015ftirildi\u011fini duyurdu.\u0130\u00e7i\u015fleri Bakan\u0131 Ali Yerlikaya, I\u015e\u0130D&#8217;e y\u00f6nelik operasyonlarda 161 \u015f\u00fcphelinin g\u00f6zalt\u0131na al\u0131nd\u0131\u011f\u0131n\u0131 bildirdi. Bakan Yerlikaya, operasyonlar\u0131n 38 ilde ger\u00e7ekle\u015ftirildi\u011fini duyurdu.\u00a0<a href=\"https:\/\/anlatilaninotesi.com.tr\/20250912\/bakan-yerlikaya-38-ildeki-isid-operasyonunu-duyurdu-161-supheli-gozaltinda-1099311785.html\" target=\"_blank\" class=\"feedzy-rss-link-icon\">Read More<\/a><\/p>","protected":false},"excerpt":{"rendered":"<p>\u0130\u00e7i\u015fleri Bakan\u0131 Ali Yerlikaya, I\u015e\u0130D&#8217;e y\u00f6nelik operasyonlarda 161 \u015f\u00fcphelinin g\u00f6zalt\u0131na al\u0131nd\u0131\u011f\u0131n\u0131 bildirdi. Bakan Yerlikaya, operasyonlar\u0131n 38 ilde ger\u00e7ekle\u015ftirildi\u011fini duyurdu.\u0130\u00e7i\u015fleri Bakan\u0131 Ali Yerlikaya, I\u015e\u0130D&#8217;e y\u00f6nelik operasyonlarda 161 \u015f\u00fcphelinin g\u00f6zalt\u0131na al\u0131nd\u0131\u011f\u0131n\u0131 bildirdi. Bakan Yerlikaya, operasyonlar\u0131n 38 ilde ger\u00e7ekle\u015ftirildi\u011fini duyurdu.\u00a0Read More<\/p>\n","protected":false},"author":1,"featured_media":0,"comment_status":"open","ping_status":"open","sticky":false,"template":"","format":"standard","meta":{"footnotes":"","_links_to":"","_links_to_target":""},"categories":[1],"tags":[],"class_list":["post-4575","post","type-post","status-publish","format-standard","hentry","category-haberler"],"_links":{"self":[{"href":"https:\/\/www.abchukuk.com\/index.php\/wp-json\/wp\/v2\/posts\/4575","targetHints":{"allow":["GET"]}}],"collection":[{"href":"https:\/\/www.abchukuk.com\/index.php\/wp-json\/wp\/v2\/posts"}],"about":[{"href":"https:\/\/www.abchukuk.com\/index.php\/wp-json\/wp\/v2\/types\/post"}],"author":[{"embeddable":true,"href":"https:\/\/www.abchukuk.com\/index.php\/wp-json\/wp\/v2\/users\/1"}],"replies":[{"embeddable":true,"href":"https:\/\/www.abchukuk.com\/index.php\/wp-json\/wp\/v2\/comments?post=4575"}],"version-history":[{"count":0,"href":"https:\/\/www.abchukuk.com\/index.php\/wp-json\/wp\/v2\/posts\/4575\/revisions"}],"wp:attachment":[{"href":"https:\/\/www.abchukuk.com\/index.php\/wp-json\/wp\/v2\/media?parent=4575"}],"wp:term":[{"taxonomy":"category","embeddable":true,"href":"https:\/\/www.abchukuk.com\/index.php\/wp-json\/wp\/v2\/categories?post=4575"},{"taxonomy":"post_tag","embeddable":true,"href":"https:\/\/www.abchukuk.com\/index.php\/wp-json\/wp\/v2\/tags?post=4575"}],"curies":[{"name":"wp","href":"https:\/\/api.w.org\/{rel}","templated":true}]}}