{"id":4565,"date":"2025-09-12T06:57:00","date_gmt":"2025-09-12T06:57:00","guid":{"rendered":"https:\/\/www.abchukuk.com\/index.php\/2025\/09\/12\/plajda-taciz-kadinlar-farketti-gozaltina-alinan-zanli-tutuklandi\/"},"modified":"2025-09-12T06:57:00","modified_gmt":"2025-09-12T06:57:00","slug":"plajda-taciz-kadinlar-farketti-gozaltina-alinan-zanli-tutuklandi","status":"publish","type":"post","link":"https:\/\/www.abchukuk.com\/index.php\/2025\/09\/12\/plajda-taciz-kadinlar-farketti-gozaltina-alinan-zanli-tutuklandi\/","title":{"rendered":"Plajda taciz: Kad\u0131nlar farketti, g\u00f6zalt\u0131na al\u0131nan zanl\u0131 tutukland\u0131"},"content":{"rendered":"<p>Sakarya\u2019n\u0131n Karasu il\u00e7esinde plajda kad\u0131nlar\u0131n foto\u011fraflar\u0131n\u0131 \u00e7ekti\u011fi tespit edilen \u015f\u00fcpheli g\u00f6zalt\u0131na al\u0131nd\u0131. Telefonundan \u00e7ekti\u011fi kad\u0131nlara ait videolar \u00e7\u0131kan \u015f\u00fcpheli tutukland\u0131.Sakarya\u2019n\u0131n Karasu il\u00e7esinde plajda kad\u0131nlar\u0131n foto\u011fraflar\u0131n\u0131 \u00e7ekti\u011fi tespit edilen \u015f\u00fcpheli g\u00f6zalt\u0131na al\u0131nd\u0131. Telefonundan \u00e7ekti\u011fi kad\u0131nlara ait videolar \u00e7\u0131kan \u015f\u00fcpheli tutukland\u0131.\u00a0<a href=\"https:\/\/www.cumhuriyet.com.tr\/turkiye\/plajda-taciz-kadinlar-farketti-gozaltina-alinan-zanli-tutuklandi-2434446\" target=\"_blank\" class=\"feedzy-rss-link-icon\">Read More<\/a><\/p>","protected":false},"excerpt":{"rendered":"<p>Sakarya\u2019n\u0131n Karasu il\u00e7esinde plajda kad\u0131nlar\u0131n foto\u011fraflar\u0131n\u0131 \u00e7ekti\u011fi tespit edilen \u015f\u00fcpheli g\u00f6zalt\u0131na al\u0131nd\u0131. Telefonundan \u00e7ekti\u011fi kad\u0131nlara ait videolar \u00e7\u0131kan \u015f\u00fcpheli tutukland\u0131.Sakarya\u2019n\u0131n Karasu il\u00e7esinde plajda kad\u0131nlar\u0131n foto\u011fraflar\u0131n\u0131 \u00e7ekti\u011fi tespit edilen \u015f\u00fcpheli g\u00f6zalt\u0131na al\u0131nd\u0131. Telefonundan \u00e7ekti\u011fi kad\u0131nlara ait videolar \u00e7\u0131kan \u015f\u00fcpheli tutukland\u0131.\u00a0Read More<\/p>\n","protected":false},"author":1,"featured_media":4566,"comment_status":"open","ping_status":"open","sticky":false,"template":"","format":"standard","meta":{"footnotes":"","_links_to":"","_links_to_target":""},"categories":[1],"tags":[],"class_list":["post-4565","post","type-post","status-publish","format-standard","has-post-thumbnail","hentry","category-haberler"],"_links":{"self":[{"href":"https:\/\/www.abchukuk.com\/index.php\/wp-json\/wp\/v2\/posts\/4565","targetHints":{"allow":["GET"]}}],"collection":[{"href":"https:\/\/www.abchukuk.com\/index.php\/wp-json\/wp\/v2\/posts"}],"about":[{"href":"https:\/\/www.abchukuk.com\/index.php\/wp-json\/wp\/v2\/types\/post"}],"author":[{"embeddable":true,"href":"https:\/\/www.abchukuk.com\/index.php\/wp-json\/wp\/v2\/users\/1"}],"replies":[{"embeddable":true,"href":"https:\/\/www.abchukuk.com\/index.php\/wp-json\/wp\/v2\/comments?post=4565"}],"version-history":[{"count":0,"href":"https:\/\/www.abchukuk.com\/index.php\/wp-json\/wp\/v2\/posts\/4565\/revisions"}],"wp:featuredmedia":[{"embeddable":true,"href":"https:\/\/www.abchukuk.com\/index.php\/wp-json\/wp\/v2\/media\/4566"}],"wp:attachment":[{"href":"https:\/\/www.abchukuk.com\/index.php\/wp-json\/wp\/v2\/media?parent=4565"}],"wp:term":[{"taxonomy":"category","embeddable":true,"href":"https:\/\/www.abchukuk.com\/index.php\/wp-json\/wp\/v2\/categories?post=4565"},{"taxonomy":"post_tag","embeddable":true,"href":"https:\/\/www.abchukuk.com\/index.php\/wp-json\/wp\/v2\/tags?post=4565"}],"curies":[{"name":"wp","href":"https:\/\/api.w.org\/{rel}","templated":true}]}}