{"id":4555,"date":"2025-09-11T16:47:00","date_gmt":"2025-09-11T16:47:00","guid":{"rendered":"https:\/\/www.abchukuk.com\/index.php\/2025\/09\/11\/bahar-aksu-cinayeti-davasinda-karar-cikti-4-saniga-agirlastirilmis-muebbet-hapis-cezasi\/"},"modified":"2025-09-11T16:47:00","modified_gmt":"2025-09-11T16:47:00","slug":"bahar-aksu-cinayeti-davasinda-karar-cikti-4-saniga-agirlastirilmis-muebbet-hapis-cezasi","status":"publish","type":"post","link":"https:\/\/www.abchukuk.com\/index.php\/2025\/09\/11\/bahar-aksu-cinayeti-davasinda-karar-cikti-4-saniga-agirlastirilmis-muebbet-hapis-cezasi\/","title":{"rendered":"Bahar Aksu cinayeti davas\u0131nda karar \u00e7\u0131kt\u0131: 4 san\u0131\u011fa a\u011f\u0131rla\u015ft\u0131r\u0131lm\u0131\u015f m\u00fcebbet hapis cezas\u0131"},"content":{"rendered":"<p>\u0130stanbul \u015ei\u015fli&#8217;de eski e\u015fi R\u00fcstem Elibol\u2019un \u00f6ld\u00fcrd\u00fc\u011f\u00fc Bahar Aksu cinayeti davas\u0131n\u0131n \u00fc\u00e7\u00fcnc\u00fc duru\u015fmas\u0131nda karar \u00e7\u0131kt\u0131. 4 san\u0131k hakk\u0131nda ayr\u0131 ayr\u0131 a\u011f\u0131rla\u015ft\u0131r\u0131lm\u0131\u015f m\u00fcebbet hapis cezas\u0131 verildi.\u0130stanbul \u015ei\u015fli&#8217;de eski e\u015fi R\u00fcstem Elibol\u2019un \u00f6ld\u00fcrd\u00fc\u011f\u00fc Bahar Aksu cinayeti davas\u0131n\u0131n \u00fc\u00e7\u00fcnc\u00fc duru\u015fmas\u0131nda karar \u00e7\u0131kt\u0131. 4 san\u0131k hakk\u0131nda ayr\u0131 ayr\u0131 a\u011f\u0131rla\u015ft\u0131r\u0131lm\u0131\u015f m\u00fcebbet hapis cezas\u0131 verildi.\u00a0<a href=\"https:\/\/www.cumhuriyet.com.tr\/turkiye\/bahar-aksu-cinayeti-davasinda-karar-cikti-4-saniga-agirlastirilmis-muebbet-hapis-cezasi-2434348\" target=\"_blank\" class=\"feedzy-rss-link-icon\">Read More<\/a><\/p>","protected":false},"excerpt":{"rendered":"<p>\u0130stanbul \u015ei\u015fli&#8217;de eski e\u015fi R\u00fcstem Elibol\u2019un \u00f6ld\u00fcrd\u00fc\u011f\u00fc Bahar Aksu cinayeti davas\u0131n\u0131n \u00fc\u00e7\u00fcnc\u00fc duru\u015fmas\u0131nda karar \u00e7\u0131kt\u0131. 4 san\u0131k hakk\u0131nda ayr\u0131 ayr\u0131 a\u011f\u0131rla\u015ft\u0131r\u0131lm\u0131\u015f m\u00fcebbet hapis cezas\u0131 verildi.\u0130stanbul \u015ei\u015fli&#8217;de eski e\u015fi R\u00fcstem Elibol\u2019un \u00f6ld\u00fcrd\u00fc\u011f\u00fc Bahar Aksu cinayeti davas\u0131n\u0131n \u00fc\u00e7\u00fcnc\u00fc duru\u015fmas\u0131nda karar \u00e7\u0131kt\u0131. 4 san\u0131k hakk\u0131nda ayr\u0131 ayr\u0131 a\u011f\u0131rla\u015ft\u0131r\u0131lm\u0131\u015f m\u00fcebbet hapis cezas\u0131 verildi.\u00a0Read More<\/p>\n","protected":false},"author":1,"featured_media":4163,"comment_status":"open","ping_status":"open","sticky":false,"template":"","format":"standard","meta":{"footnotes":"","_links_to":"","_links_to_target":""},"categories":[1],"tags":[],"class_list":["post-4555","post","type-post","status-publish","format-standard","has-post-thumbnail","hentry","category-haberler"],"_links":{"self":[{"href":"https:\/\/www.abchukuk.com\/index.php\/wp-json\/wp\/v2\/posts\/4555","targetHints":{"allow":["GET"]}}],"collection":[{"href":"https:\/\/www.abchukuk.com\/index.php\/wp-json\/wp\/v2\/posts"}],"about":[{"href":"https:\/\/www.abchukuk.com\/index.php\/wp-json\/wp\/v2\/types\/post"}],"author":[{"embeddable":true,"href":"https:\/\/www.abchukuk.com\/index.php\/wp-json\/wp\/v2\/users\/1"}],"replies":[{"embeddable":true,"href":"https:\/\/www.abchukuk.com\/index.php\/wp-json\/wp\/v2\/comments?post=4555"}],"version-history":[{"count":0,"href":"https:\/\/www.abchukuk.com\/index.php\/wp-json\/wp\/v2\/posts\/4555\/revisions"}],"wp:featuredmedia":[{"embeddable":true,"href":"https:\/\/www.abchukuk.com\/index.php\/wp-json\/wp\/v2\/media\/4163"}],"wp:attachment":[{"href":"https:\/\/www.abchukuk.com\/index.php\/wp-json\/wp\/v2\/media?parent=4555"}],"wp:term":[{"taxonomy":"category","embeddable":true,"href":"https:\/\/www.abchukuk.com\/index.php\/wp-json\/wp\/v2\/categories?post=4555"},{"taxonomy":"post_tag","embeddable":true,"href":"https:\/\/www.abchukuk.com\/index.php\/wp-json\/wp\/v2\/tags?post=4555"}],"curies":[{"name":"wp","href":"https:\/\/api.w.org\/{rel}","templated":true}]}}