{"id":4547,"date":"2025-09-11T04:35:58","date_gmt":"2025-09-11T04:35:58","guid":{"rendered":"https:\/\/www.abchukuk.com\/index.php\/2025\/09\/11\/haberturk-ve-show-tvye-el-konuldu-mehmet-sakir-can-kemal-can-ve-kenan-tekdag-dahil-yoneticilere-gozalti-karari\/"},"modified":"2025-09-11T04:35:58","modified_gmt":"2025-09-11T04:35:58","slug":"haberturk-ve-show-tvye-el-konuldu-mehmet-sakir-can-kemal-can-ve-kenan-tekdag-dahil-yoneticilere-gozalti-karari","status":"publish","type":"post","link":"https:\/\/www.abchukuk.com\/index.php\/2025\/09\/11\/haberturk-ve-show-tvye-el-konuldu-mehmet-sakir-can-kemal-can-ve-kenan-tekdag-dahil-yoneticilere-gozalti-karari\/","title":{"rendered":"Habert\u00fcrk ve Show TV&#8217;ye el konuldu: Mehmet \u015eakir Can, Kemal Can ve Kenan Tekda\u011f dahil y\u00f6neticilere g\u00f6zalt\u0131 karar\u0131"},"content":{"rendered":"<p>Can Holding b\u00fcnyesindeki  Habert\u00fcrk ve Show TV&#8217;ye el konuldu. Can Holding sahipleri Mehmet \u015eakir Can, Kemal Can ve Kenan Tekda\u011f\u2019\u0131n da aralar\u0131nda oldu\u011fu 10 ki\u015fi i\u00e7in g\u00f6zalt\u0131 karar\u0131 verildi. Operasyon kapsam\u0131nda Honding b\u00fcnyesindeki 121 \u015firketin malvarl\u0131\u011f\u0131 de\u011ferlerine el konularak TMSF kayy\u0131m olarak olarak atand\u0131.Can Holding b\u00fcnyesindeki  Habert\u00fcrk ve Show TV&#8217;ye el konuldu. Can Holding sahipleri Mehmet \u015eakir Can, Kemal Can ve Kenan Tekda\u011f\u2019\u0131n da aralar\u0131nda oldu\u011fu 10 ki\u015fi i\u00e7in g\u00f6zalt\u0131 karar\u0131 verildi. Operasyon kapsam\u0131nda Honding b\u00fcnyesindeki 121 \u015firketin malvarl\u0131\u011f\u0131 de\u011ferlerine el konularak TMSF kayy\u0131m olarak olarak atand\u0131.\u00a0<a href=\"https:\/\/anlatilaninotesi.com.tr\/20250911\/can-holdinge-ait-haberturk-ve-show-tvye-el-konuldu-mehmet-sakir-can-ve-kenan-tekdag-dahil-8-gozalti-1099275146.html\" target=\"_blank\" class=\"feedzy-rss-link-icon\">Read More<\/a><\/p>","protected":false},"excerpt":{"rendered":"<p>Can Holding b\u00fcnyesindeki Habert\u00fcrk ve Show TV&#8217;ye el konuldu. Can Holding sahipleri Mehmet \u015eakir Can, Kemal Can ve Kenan Tekda\u011f\u2019\u0131n da aralar\u0131nda oldu\u011fu 10 ki\u015fi i\u00e7in g\u00f6zalt\u0131 karar\u0131 verildi. Operasyon kapsam\u0131nda Honding b\u00fcnyesindeki 121 \u015firketin malvarl\u0131\u011f\u0131 de\u011ferlerine el konularak TMSF kayy\u0131m olarak olarak atand\u0131.Can Holding b\u00fcnyesindeki Habert\u00fcrk ve Show TV&#8217;ye el konuldu. Can Holding sahipleri [&hellip;]<\/p>\n","protected":false},"author":1,"featured_media":0,"comment_status":"open","ping_status":"open","sticky":false,"template":"","format":"standard","meta":{"footnotes":"","_links_to":"","_links_to_target":""},"categories":[1],"tags":[],"class_list":["post-4547","post","type-post","status-publish","format-standard","hentry","category-haberler"],"_links":{"self":[{"href":"https:\/\/www.abchukuk.com\/index.php\/wp-json\/wp\/v2\/posts\/4547","targetHints":{"allow":["GET"]}}],"collection":[{"href":"https:\/\/www.abchukuk.com\/index.php\/wp-json\/wp\/v2\/posts"}],"about":[{"href":"https:\/\/www.abchukuk.com\/index.php\/wp-json\/wp\/v2\/types\/post"}],"author":[{"embeddable":true,"href":"https:\/\/www.abchukuk.com\/index.php\/wp-json\/wp\/v2\/users\/1"}],"replies":[{"embeddable":true,"href":"https:\/\/www.abchukuk.com\/index.php\/wp-json\/wp\/v2\/comments?post=4547"}],"version-history":[{"count":0,"href":"https:\/\/www.abchukuk.com\/index.php\/wp-json\/wp\/v2\/posts\/4547\/revisions"}],"wp:attachment":[{"href":"https:\/\/www.abchukuk.com\/index.php\/wp-json\/wp\/v2\/media?parent=4547"}],"wp:term":[{"taxonomy":"category","embeddable":true,"href":"https:\/\/www.abchukuk.com\/index.php\/wp-json\/wp\/v2\/categories?post=4547"},{"taxonomy":"post_tag","embeddable":true,"href":"https:\/\/www.abchukuk.com\/index.php\/wp-json\/wp\/v2\/tags?post=4547"}],"curies":[{"name":"wp","href":"https:\/\/api.w.org\/{rel}","templated":true}]}}