{"id":4539,"date":"2025-09-12T04:23:00","date_gmt":"2025-09-12T04:23:00","guid":{"rendered":"https:\/\/www.abchukuk.com\/index.php\/2025\/09\/12\/eski-brezilya-devlet-baskani-bolsonaroya-darbe-girisimi-sucundan-27-yil-3-ay-hapis-cezasi-verildi\/"},"modified":"2025-09-12T04:23:00","modified_gmt":"2025-09-12T04:23:00","slug":"eski-brezilya-devlet-baskani-bolsonaroya-darbe-girisimi-sucundan-27-yil-3-ay-hapis-cezasi-verildi","status":"publish","type":"post","link":"https:\/\/www.abchukuk.com\/index.php\/2025\/09\/12\/eski-brezilya-devlet-baskani-bolsonaroya-darbe-girisimi-sucundan-27-yil-3-ay-hapis-cezasi-verildi\/","title":{"rendered":"Eski Brezilya Devlet Ba\u015fkan\u0131 Bolsonaro&#8217;ya darbe giri\u015fimi su\u00e7undan 27 y\u0131l 3 ay hapis cezas\u0131 verildi"},"content":{"rendered":"<p>Brezilya Y\u00fcksek Mahkemesi, eski Devlet Ba\u015fkan\u0131 Jair Bolsonaro&#8217;yu 2022 se\u00e7imlerini kaybettikten sonra &#8220;demokratik d\u00fczeni ortadan kald\u0131rmaya y\u00f6nelik darbe plan\u0131 kurmak su\u00e7undan&#8221; 27 y\u0131l 3 ay hapis cezas\u0131na \u00e7arpt\u0131rd\u0131.Brezilya Y\u00fcksek Mahkemesi, eski Devlet Ba\u015fkan\u0131 Jair Bolsonaro&#8217;yu 2022 se\u00e7imlerini kaybettikten sonra &#8220;demokratik d\u00fczeni ortadan kald\u0131rmaya y\u00f6nelik darbe plan\u0131 kurmak su\u00e7undan&#8221; 27 y\u0131l 3 ay hapis cezas\u0131na \u00e7arpt\u0131rd\u0131.\u00a0<a href=\"https:\/\/www.dunya.com\/dunya\/eski-brezilya-devlet-baskani-bolsonaroya-darbe-girisimi-sucundan-27-yil-3-ay-hapis-cezasi-verildi-haberi-793727\" target=\"_blank\" class=\"feedzy-rss-link-icon\">Read More<\/a><\/p>","protected":false},"excerpt":{"rendered":"<p>Brezilya Y\u00fcksek Mahkemesi, eski Devlet Ba\u015fkan\u0131 Jair Bolsonaro&#8217;yu 2022 se\u00e7imlerini kaybettikten sonra &#8220;demokratik d\u00fczeni ortadan kald\u0131rmaya y\u00f6nelik darbe plan\u0131 kurmak su\u00e7undan&#8221; 27 y\u0131l 3 ay hapis cezas\u0131na \u00e7arpt\u0131rd\u0131.Brezilya Y\u00fcksek Mahkemesi, eski Devlet Ba\u015fkan\u0131 Jair Bolsonaro&#8217;yu 2022 se\u00e7imlerini kaybettikten sonra &#8220;demokratik d\u00fczeni ortadan kald\u0131rmaya y\u00f6nelik darbe plan\u0131 kurmak su\u00e7undan&#8221; 27 y\u0131l 3 ay hapis cezas\u0131na \u00e7arpt\u0131rd\u0131.\u00a0Read [&hellip;]<\/p>\n","protected":false},"author":1,"featured_media":4540,"comment_status":"open","ping_status":"open","sticky":false,"template":"","format":"standard","meta":{"footnotes":"","_links_to":"","_links_to_target":""},"categories":[1],"tags":[],"class_list":["post-4539","post","type-post","status-publish","format-standard","has-post-thumbnail","hentry","category-haberler"],"_links":{"self":[{"href":"https:\/\/www.abchukuk.com\/index.php\/wp-json\/wp\/v2\/posts\/4539","targetHints":{"allow":["GET"]}}],"collection":[{"href":"https:\/\/www.abchukuk.com\/index.php\/wp-json\/wp\/v2\/posts"}],"about":[{"href":"https:\/\/www.abchukuk.com\/index.php\/wp-json\/wp\/v2\/types\/post"}],"author":[{"embeddable":true,"href":"https:\/\/www.abchukuk.com\/index.php\/wp-json\/wp\/v2\/users\/1"}],"replies":[{"embeddable":true,"href":"https:\/\/www.abchukuk.com\/index.php\/wp-json\/wp\/v2\/comments?post=4539"}],"version-history":[{"count":0,"href":"https:\/\/www.abchukuk.com\/index.php\/wp-json\/wp\/v2\/posts\/4539\/revisions"}],"wp:featuredmedia":[{"embeddable":true,"href":"https:\/\/www.abchukuk.com\/index.php\/wp-json\/wp\/v2\/media\/4540"}],"wp:attachment":[{"href":"https:\/\/www.abchukuk.com\/index.php\/wp-json\/wp\/v2\/media?parent=4539"}],"wp:term":[{"taxonomy":"category","embeddable":true,"href":"https:\/\/www.abchukuk.com\/index.php\/wp-json\/wp\/v2\/categories?post=4539"},{"taxonomy":"post_tag","embeddable":true,"href":"https:\/\/www.abchukuk.com\/index.php\/wp-json\/wp\/v2\/tags?post=4539"}],"curies":[{"name":"wp","href":"https:\/\/api.w.org\/{rel}","templated":true}]}}