{"id":4491,"date":"2025-09-12T01:00:00","date_gmt":"2025-09-12T01:00:00","guid":{"rendered":"https:\/\/www.abchukuk.com\/index.php\/2025\/09\/12\/ankara-3-asliye-hukuk-mahkemesi-chp-istanbul-il-kongresinin-iptalini-esastan-reddetti\/"},"modified":"2025-09-12T01:00:00","modified_gmt":"2025-09-12T01:00:00","slug":"ankara-3-asliye-hukuk-mahkemesi-chp-istanbul-il-kongresinin-iptalini-esastan-reddetti","status":"publish","type":"post","link":"https:\/\/www.abchukuk.com\/index.php\/2025\/09\/12\/ankara-3-asliye-hukuk-mahkemesi-chp-istanbul-il-kongresinin-iptalini-esastan-reddetti\/","title":{"rendered":"Ankara 3. Asliye Hukuk Mahkemesi, CHP \u0130stanbul il kongresinin iptalini esastan reddetti"},"content":{"rendered":"<p>CHP \u0130stanbul \u0130l Kongresi\u2019nin iptali istemini Ankara 3. Asliye Hukuk Mahkemesi esastan reddetti. CHP kurmaylar\u0131, \u201cKayyum kendili\u011finden kalkt\u0131, rezalete son verilmeli\u201d a\u00e7\u0131klamas\u0131 yapt\u0131. Hukuk\u00e7ular ise \u201cMahkeme kararlar\u0131 tedbirin \u00fcst\u00fcndedir, ancak karar kendili\u011finden kalkmaz, mahkeme kald\u0131rmal\u0131\u201d de\u011ferlendirmesinde bulundu.CHP \u0130stanbul \u0130l Kongresi\u2019nin iptali istemini Ankara 3. Asliye Hukuk Mahkemesi esastan reddetti. CHP kurmaylar\u0131, \u201cKayyum kendili\u011finden kalkt\u0131, rezalete son verilmeli\u201d a\u00e7\u0131klamas\u0131 yapt\u0131. Hukuk\u00e7ular ise \u201cMahkeme kararlar\u0131 tedbirin \u00fcst\u00fcndedir, ancak karar kendili\u011finden kalkmaz, mahkeme kald\u0131rmal\u0131\u201d de\u011ferlendirmesinde bulundu.\u00a0<a href=\"https:\/\/www.cumhuriyet.com.tr\/siyaset\/ankara-3-asliye-hukuk-mahkemesi-chp-istanbul-il-kongresinin-iptalini-esastan-reddetti-2434389\" target=\"_blank\" class=\"feedzy-rss-link-icon\">Read More<\/a><\/p>","protected":false},"excerpt":{"rendered":"<p>CHP \u0130stanbul \u0130l Kongresi\u2019nin iptali istemini Ankara 3. Asliye Hukuk Mahkemesi esastan reddetti. CHP kurmaylar\u0131, \u201cKayyum kendili\u011finden kalkt\u0131, rezalete son verilmeli\u201d a\u00e7\u0131klamas\u0131 yapt\u0131. Hukuk\u00e7ular ise \u201cMahkeme kararlar\u0131 tedbirin \u00fcst\u00fcndedir, ancak karar kendili\u011finden kalkmaz, mahkeme kald\u0131rmal\u0131\u201d de\u011ferlendirmesinde bulundu.CHP \u0130stanbul \u0130l Kongresi\u2019nin iptali istemini Ankara 3. Asliye Hukuk Mahkemesi esastan reddetti. CHP kurmaylar\u0131, \u201cKayyum kendili\u011finden kalkt\u0131, rezalete [&hellip;]<\/p>\n","protected":false},"author":1,"featured_media":4492,"comment_status":"open","ping_status":"open","sticky":false,"template":"","format":"standard","meta":{"footnotes":"","_links_to":"","_links_to_target":""},"categories":[1],"tags":[],"class_list":["post-4491","post","type-post","status-publish","format-standard","has-post-thumbnail","hentry","category-haberler"],"_links":{"self":[{"href":"https:\/\/www.abchukuk.com\/index.php\/wp-json\/wp\/v2\/posts\/4491","targetHints":{"allow":["GET"]}}],"collection":[{"href":"https:\/\/www.abchukuk.com\/index.php\/wp-json\/wp\/v2\/posts"}],"about":[{"href":"https:\/\/www.abchukuk.com\/index.php\/wp-json\/wp\/v2\/types\/post"}],"author":[{"embeddable":true,"href":"https:\/\/www.abchukuk.com\/index.php\/wp-json\/wp\/v2\/users\/1"}],"replies":[{"embeddable":true,"href":"https:\/\/www.abchukuk.com\/index.php\/wp-json\/wp\/v2\/comments?post=4491"}],"version-history":[{"count":0,"href":"https:\/\/www.abchukuk.com\/index.php\/wp-json\/wp\/v2\/posts\/4491\/revisions"}],"wp:featuredmedia":[{"embeddable":true,"href":"https:\/\/www.abchukuk.com\/index.php\/wp-json\/wp\/v2\/media\/4492"}],"wp:attachment":[{"href":"https:\/\/www.abchukuk.com\/index.php\/wp-json\/wp\/v2\/media?parent=4491"}],"wp:term":[{"taxonomy":"category","embeddable":true,"href":"https:\/\/www.abchukuk.com\/index.php\/wp-json\/wp\/v2\/categories?post=4491"},{"taxonomy":"post_tag","embeddable":true,"href":"https:\/\/www.abchukuk.com\/index.php\/wp-json\/wp\/v2\/tags?post=4491"}],"curies":[{"name":"wp","href":"https:\/\/api.w.org\/{rel}","templated":true}]}}