{"id":4488,"date":"2025-09-12T01:35:34","date_gmt":"2025-09-12T01:35:34","guid":{"rendered":"https:\/\/www.abchukuk.com\/index.php\/2025\/09\/12\/imamoglunun-diploma-davasinda-ilk-durusma-bugun\/"},"modified":"2025-09-12T01:35:34","modified_gmt":"2025-09-12T01:35:34","slug":"imamoglunun-diploma-davasinda-ilk-durusma-bugun","status":"publish","type":"post","link":"https:\/\/www.abchukuk.com\/index.php\/2025\/09\/12\/imamoglunun-diploma-davasinda-ilk-durusma-bugun\/","title":{"rendered":"\u0130mamo\u011flu&#8217;nun &#8216;diploma davas\u0131nda&#8217; ilk duru\u015fma bug\u00fcn"},"content":{"rendered":"<p>Cumhuriyet Halk Partisi&#8217;nin tutuklu cumhurba\u015fkan\u0131 aday\u0131 ve g\u00f6revden uzakla\u015ft\u0131r\u0131lan \u0130stanbul B\u00fcy\u00fck\u015fehir Belediye Ba\u015fkan\u0131 Ekrem \u0130mamo\u011flu hakk\u0131nda, lisans diplomas\u0131n\u0131n sahte oldu\u011fu iddias\u0131yla a\u00e7\u0131lan davan\u0131n ilk duru\u015fmas\u0131 bug\u00fcn Silivri&#8217;de g\u00f6r\u00fclecek. CHP Genel Ba\u015fkan\u0131 \u00d6zg\u00fcr \u00d6zel&#8217;in de duru\u015fmay\u0131 yerinde takip etmesi ve ard\u0131ndan \u0130mamo\u011flu&#8217;nu ziyaret etmesi bekleniyor.Cumhuriyet Halk Partisi&#8217;nin tutuklu cumhurba\u015fkan\u0131 aday\u0131 ve g\u00f6revden uzakla\u015ft\u0131r\u0131lan \u0130stanbul B\u00fcy\u00fck\u015fehir Belediye Ba\u015fkan\u0131 Ekrem \u0130mamo\u011flu hakk\u0131nda, lisans diplomas\u0131n\u0131n sahte oldu\u011fu iddias\u0131yla a\u00e7\u0131lan davan\u0131n ilk duru\u015fmas\u0131 bug\u00fcn Silivri&#8217;de g\u00f6r\u00fclecek. CHP Genel Ba\u015fkan\u0131 \u00d6zg\u00fcr \u00d6zel&#8217;in de duru\u015fmay\u0131 yerinde takip etmesi ve ard\u0131ndan \u0130mamo\u011flu&#8217;nu ziyaret etmesi bekleniyor.\u00a0<a href=\"https:\/\/www.bbc.com\/turkce\/articles\/c74938qz291o?at_medium=RSS&amp;at_campaign=rss\" target=\"_blank\" class=\"feedzy-rss-link-icon\">Read More<\/a><\/p>","protected":false},"excerpt":{"rendered":"<p>Cumhuriyet Halk Partisi&#8217;nin tutuklu cumhurba\u015fkan\u0131 aday\u0131 ve g\u00f6revden uzakla\u015ft\u0131r\u0131lan \u0130stanbul B\u00fcy\u00fck\u015fehir Belediye Ba\u015fkan\u0131 Ekrem \u0130mamo\u011flu hakk\u0131nda, lisans diplomas\u0131n\u0131n sahte oldu\u011fu iddias\u0131yla a\u00e7\u0131lan davan\u0131n ilk duru\u015fmas\u0131 bug\u00fcn Silivri&#8217;de g\u00f6r\u00fclecek. CHP Genel Ba\u015fkan\u0131 \u00d6zg\u00fcr \u00d6zel&#8217;in de duru\u015fmay\u0131 yerinde takip etmesi ve ard\u0131ndan \u0130mamo\u011flu&#8217;nu ziyaret etmesi bekleniyor.Cumhuriyet Halk Partisi&#8217;nin tutuklu cumhurba\u015fkan\u0131 aday\u0131 ve g\u00f6revden uzakla\u015ft\u0131r\u0131lan \u0130stanbul B\u00fcy\u00fck\u015fehir Belediye [&hellip;]<\/p>\n","protected":false},"author":1,"featured_media":4489,"comment_status":"open","ping_status":"open","sticky":false,"template":"","format":"standard","meta":{"footnotes":"","_links_to":"","_links_to_target":""},"categories":[1],"tags":[],"class_list":["post-4488","post","type-post","status-publish","format-standard","has-post-thumbnail","hentry","category-haberler"],"_links":{"self":[{"href":"https:\/\/www.abchukuk.com\/index.php\/wp-json\/wp\/v2\/posts\/4488","targetHints":{"allow":["GET"]}}],"collection":[{"href":"https:\/\/www.abchukuk.com\/index.php\/wp-json\/wp\/v2\/posts"}],"about":[{"href":"https:\/\/www.abchukuk.com\/index.php\/wp-json\/wp\/v2\/types\/post"}],"author":[{"embeddable":true,"href":"https:\/\/www.abchukuk.com\/index.php\/wp-json\/wp\/v2\/users\/1"}],"replies":[{"embeddable":true,"href":"https:\/\/www.abchukuk.com\/index.php\/wp-json\/wp\/v2\/comments?post=4488"}],"version-history":[{"count":0,"href":"https:\/\/www.abchukuk.com\/index.php\/wp-json\/wp\/v2\/posts\/4488\/revisions"}],"wp:featuredmedia":[{"embeddable":true,"href":"https:\/\/www.abchukuk.com\/index.php\/wp-json\/wp\/v2\/media\/4489"}],"wp:attachment":[{"href":"https:\/\/www.abchukuk.com\/index.php\/wp-json\/wp\/v2\/media?parent=4488"}],"wp:term":[{"taxonomy":"category","embeddable":true,"href":"https:\/\/www.abchukuk.com\/index.php\/wp-json\/wp\/v2\/categories?post=4488"},{"taxonomy":"post_tag","embeddable":true,"href":"https:\/\/www.abchukuk.com\/index.php\/wp-json\/wp\/v2\/tags?post=4488"}],"curies":[{"name":"wp","href":"https:\/\/api.w.org\/{rel}","templated":true}]}}