{"id":4448,"date":"2025-09-10T08:46:13","date_gmt":"2025-09-10T08:46:13","guid":{"rendered":"https:\/\/www.abchukuk.com\/index.php\/2025\/09\/10\/aymden-chp-karari-durusma-4-kasimda\/"},"modified":"2025-09-10T08:46:13","modified_gmt":"2025-09-10T08:46:13","slug":"aymden-chp-karari-durusma-4-kasimda","status":"publish","type":"post","link":"https:\/\/www.abchukuk.com\/index.php\/2025\/09\/10\/aymden-chp-karari-durusma-4-kasimda\/","title":{"rendered":"AYM&#8217;den CHP karar\u0131! Duru\u015fma 4 Kas\u0131m&#8217;da"},"content":{"rendered":"<p>Anayasa Mahkemesi, CHP&#8217;nin 38&#8217;inci Ola\u011fan Kurultay iddianamesi ile mahkemeler aras\u0131nda ya\u015fanan g\u00f6revsizlik tart\u0131\u015fmas\u0131 hakk\u0131nda karar verdi. Y\u00fcksek mahkeme, birinci derece mahkemenin talebini reddetti. CHP&#8217;nin 38. Ola\u011fan Kurultay\u0131&#8217;na ili\u015fkin ceza davas\u0131, 4 Kas\u0131m\u2019da Asliye Ceza Mahkemesinde g\u00f6r\u00fclecek.Anayasa Mahkemesi, CHP&#8217;nin 38&#8217;inci Ola\u011fan Kurultay iddianamesi ile mahkemeler aras\u0131nda ya\u015fanan g\u00f6revsizlik tart\u0131\u015fmas\u0131 hakk\u0131nda karar verdi. Y\u00fcksek mahkeme, birinci derece mahkemenin talebini reddetti. CHP&#8217;nin 38. Ola\u011fan Kurultay\u0131&#8217;na ili\u015fkin ceza davas\u0131, 4 Kas\u0131m\u2019da Asliye Ceza Mahkemesinde g\u00f6r\u00fclecek.\u00a0<a href=\"https:\/\/www.haberturk.com\/son-dakika-aym-chp-kurultayindaki-usulsuzluk-davasinda-iptal-talebini-reddetti-3821310\" target=\"_blank\" class=\"feedzy-rss-link-icon\">Read More<\/a><\/p>","protected":false},"excerpt":{"rendered":"<p>Anayasa Mahkemesi, CHP&#8217;nin 38&#8217;inci Ola\u011fan Kurultay iddianamesi ile mahkemeler aras\u0131nda ya\u015fanan g\u00f6revsizlik tart\u0131\u015fmas\u0131 hakk\u0131nda karar verdi. Y\u00fcksek mahkeme, birinci derece mahkemenin talebini reddetti. CHP&#8217;nin 38. Ola\u011fan Kurultay\u0131&#8217;na ili\u015fkin ceza davas\u0131, 4 Kas\u0131m\u2019da Asliye Ceza Mahkemesinde g\u00f6r\u00fclecek.Anayasa Mahkemesi, CHP&#8217;nin 38&#8217;inci Ola\u011fan Kurultay iddianamesi ile mahkemeler aras\u0131nda ya\u015fanan g\u00f6revsizlik tart\u0131\u015fmas\u0131 hakk\u0131nda karar verdi. Y\u00fcksek mahkeme, birinci derece [&hellip;]<\/p>\n","protected":false},"author":1,"featured_media":0,"comment_status":"open","ping_status":"open","sticky":false,"template":"","format":"standard","meta":{"footnotes":"","_links_to":"","_links_to_target":""},"categories":[1],"tags":[],"class_list":["post-4448","post","type-post","status-publish","format-standard","hentry","category-haberler"],"_links":{"self":[{"href":"https:\/\/www.abchukuk.com\/index.php\/wp-json\/wp\/v2\/posts\/4448","targetHints":{"allow":["GET"]}}],"collection":[{"href":"https:\/\/www.abchukuk.com\/index.php\/wp-json\/wp\/v2\/posts"}],"about":[{"href":"https:\/\/www.abchukuk.com\/index.php\/wp-json\/wp\/v2\/types\/post"}],"author":[{"embeddable":true,"href":"https:\/\/www.abchukuk.com\/index.php\/wp-json\/wp\/v2\/users\/1"}],"replies":[{"embeddable":true,"href":"https:\/\/www.abchukuk.com\/index.php\/wp-json\/wp\/v2\/comments?post=4448"}],"version-history":[{"count":0,"href":"https:\/\/www.abchukuk.com\/index.php\/wp-json\/wp\/v2\/posts\/4448\/revisions"}],"wp:attachment":[{"href":"https:\/\/www.abchukuk.com\/index.php\/wp-json\/wp\/v2\/media?parent=4448"}],"wp:term":[{"taxonomy":"category","embeddable":true,"href":"https:\/\/www.abchukuk.com\/index.php\/wp-json\/wp\/v2\/categories?post=4448"},{"taxonomy":"post_tag","embeddable":true,"href":"https:\/\/www.abchukuk.com\/index.php\/wp-json\/wp\/v2\/tags?post=4448"}],"curies":[{"name":"wp","href":"https:\/\/api.w.org\/{rel}","templated":true}]}}