{"id":4447,"date":"2025-09-10T12:37:35","date_gmt":"2025-09-10T12:37:35","guid":{"rendered":"https:\/\/www.abchukuk.com\/index.php\/2025\/09\/10\/tarihi-sinop-cezaevi-hafiza-muzesine-donustu\/"},"modified":"2025-09-10T12:37:35","modified_gmt":"2025-09-10T12:37:35","slug":"tarihi-sinop-cezaevi-hafiza-muzesine-donustu","status":"publish","type":"post","link":"https:\/\/www.abchukuk.com\/index.php\/2025\/09\/10\/tarihi-sinop-cezaevi-hafiza-muzesine-donustu\/","title":{"rendered":"Tarihi Sinop Cezaevi, haf\u0131za m\u00fczesine d\u00f6n\u00fc\u015ft\u00fc"},"content":{"rendered":"<p>T\u00fcrkiye&#8217;nin haf\u0131za mek\u00e2nlar\u0131ndan tarihi Sinop Cezaevi, kapsaml\u0131 bir restorasyon s\u00fcrecinin ard\u0131ndan m\u00fczeye d\u00f6n\u00fc\u015ft\u00fc. Sabahattin Ali\u2019nin \u2018Ald\u0131rma G\u00f6n\u00fcl\u2019 \u015fiirini kaleme ald\u0131\u011f\u0131 tarihi cezaevi, d\u00fczenlenen t\u00f6renle ziyarete a\u00e7\u0131ld\u0131T\u00fcrkiye&#8217;nin haf\u0131za mek\u00e2nlar\u0131ndan tarihi Sinop Cezaevi, kapsaml\u0131 bir restorasyon s\u00fcrecinin ard\u0131ndan m\u00fczeye d\u00f6n\u00fc\u015ft\u00fc. Sabahattin Ali\u2019nin \u2018Ald\u0131rma G\u00f6n\u00fcl\u2019 \u015fiirini kaleme ald\u0131\u011f\u0131 tarihi cezaevi, d\u00fczenlenen t\u00f6renle ziyarete a\u00e7\u0131ld\u0131\u00a0<a href=\"https:\/\/www.haberturk.com\/tarihi-sinop-cezaevi-hafiza-muzesine-donustu-3821328\" target=\"_blank\" class=\"feedzy-rss-link-icon\">Read More<\/a><\/p>","protected":false},"excerpt":{"rendered":"<p>T\u00fcrkiye&#8217;nin haf\u0131za mek\u00e2nlar\u0131ndan tarihi Sinop Cezaevi, kapsaml\u0131 bir restorasyon s\u00fcrecinin ard\u0131ndan m\u00fczeye d\u00f6n\u00fc\u015ft\u00fc. Sabahattin Ali\u2019nin \u2018Ald\u0131rma G\u00f6n\u00fcl\u2019 \u015fiirini kaleme ald\u0131\u011f\u0131 tarihi cezaevi, d\u00fczenlenen t\u00f6renle ziyarete a\u00e7\u0131ld\u0131T\u00fcrkiye&#8217;nin haf\u0131za mek\u00e2nlar\u0131ndan tarihi Sinop Cezaevi, kapsaml\u0131 bir restorasyon s\u00fcrecinin ard\u0131ndan m\u00fczeye d\u00f6n\u00fc\u015ft\u00fc. Sabahattin Ali\u2019nin \u2018Ald\u0131rma G\u00f6n\u00fcl\u2019 \u015fiirini kaleme ald\u0131\u011f\u0131 tarihi cezaevi, d\u00fczenlenen t\u00f6renle ziyarete a\u00e7\u0131ld\u0131\u00a0Read More<\/p>\n","protected":false},"author":1,"featured_media":0,"comment_status":"open","ping_status":"open","sticky":false,"template":"","format":"standard","meta":{"footnotes":"","_links_to":"","_links_to_target":""},"categories":[1],"tags":[],"class_list":["post-4447","post","type-post","status-publish","format-standard","hentry","category-haberler"],"_links":{"self":[{"href":"https:\/\/www.abchukuk.com\/index.php\/wp-json\/wp\/v2\/posts\/4447","targetHints":{"allow":["GET"]}}],"collection":[{"href":"https:\/\/www.abchukuk.com\/index.php\/wp-json\/wp\/v2\/posts"}],"about":[{"href":"https:\/\/www.abchukuk.com\/index.php\/wp-json\/wp\/v2\/types\/post"}],"author":[{"embeddable":true,"href":"https:\/\/www.abchukuk.com\/index.php\/wp-json\/wp\/v2\/users\/1"}],"replies":[{"embeddable":true,"href":"https:\/\/www.abchukuk.com\/index.php\/wp-json\/wp\/v2\/comments?post=4447"}],"version-history":[{"count":0,"href":"https:\/\/www.abchukuk.com\/index.php\/wp-json\/wp\/v2\/posts\/4447\/revisions"}],"wp:attachment":[{"href":"https:\/\/www.abchukuk.com\/index.php\/wp-json\/wp\/v2\/media?parent=4447"}],"wp:term":[{"taxonomy":"category","embeddable":true,"href":"https:\/\/www.abchukuk.com\/index.php\/wp-json\/wp\/v2\/categories?post=4447"},{"taxonomy":"post_tag","embeddable":true,"href":"https:\/\/www.abchukuk.com\/index.php\/wp-json\/wp\/v2\/tags?post=4447"}],"curies":[{"name":"wp","href":"https:\/\/api.w.org\/{rel}","templated":true}]}}