{"id":4445,"date":"2025-09-10T14:03:16","date_gmt":"2025-09-10T14:03:16","guid":{"rendered":"https:\/\/www.abchukuk.com\/index.php\/2025\/09\/10\/cezaevinden-muzeye-donusum-suruyor\/"},"modified":"2025-09-10T14:03:16","modified_gmt":"2025-09-10T14:03:16","slug":"cezaevinden-muzeye-donusum-suruyor","status":"publish","type":"post","link":"https:\/\/www.abchukuk.com\/index.php\/2025\/09\/10\/cezaevinden-muzeye-donusum-suruyor\/","title":{"rendered":"Cezaevinden m\u00fczeye d\u00f6n\u00fc\u015f\u00fcm s\u00fcr\u00fcyor"},"content":{"rendered":"<p>Diyarbak\u0131r E Tipi Cezaevi\u2019nin m\u00fczeye d\u00f6n\u00fc\u015ft\u00fcr\u00fclmesi i\u00e7in K\u00fclt\u00fcr ve Turizm Bakanl\u0131\u011f\u0131 taraf\u0131ndan ba\u015flat\u0131lan restorasyon \u00e7al\u0131\u015fmalar\u0131nda birinci etap tamamland\u0131. \u00c7al\u0131\u015fmalar\u0131n tamamlan\u0131p m\u00fczenin 2026 y\u0131l\u0131nda a\u00e7\u0131lmas\u0131 hedefleniyorDiyarbak\u0131r E Tipi Cezaevi\u2019nin m\u00fczeye d\u00f6n\u00fc\u015ft\u00fcr\u00fclmesi i\u00e7in K\u00fclt\u00fcr ve Turizm Bakanl\u0131\u011f\u0131 taraf\u0131ndan ba\u015flat\u0131lan restorasyon \u00e7al\u0131\u015fmalar\u0131nda birinci etap tamamland\u0131. \u00c7al\u0131\u015fmalar\u0131n tamamlan\u0131p m\u00fczenin 2026 y\u0131l\u0131nda a\u00e7\u0131lmas\u0131 hedefleniyor\u00a0<a href=\"https:\/\/www.haberturk.com\/diyarbakir-cezaevinde-restorasyon-devam-ediyor-3821392\" target=\"_blank\" class=\"feedzy-rss-link-icon\">Read More<\/a><\/p>","protected":false},"excerpt":{"rendered":"<p>Diyarbak\u0131r E Tipi Cezaevi\u2019nin m\u00fczeye d\u00f6n\u00fc\u015ft\u00fcr\u00fclmesi i\u00e7in K\u00fclt\u00fcr ve Turizm Bakanl\u0131\u011f\u0131 taraf\u0131ndan ba\u015flat\u0131lan restorasyon \u00e7al\u0131\u015fmalar\u0131nda birinci etap tamamland\u0131. \u00c7al\u0131\u015fmalar\u0131n tamamlan\u0131p m\u00fczenin 2026 y\u0131l\u0131nda a\u00e7\u0131lmas\u0131 hedefleniyorDiyarbak\u0131r E Tipi Cezaevi\u2019nin m\u00fczeye d\u00f6n\u00fc\u015ft\u00fcr\u00fclmesi i\u00e7in K\u00fclt\u00fcr ve Turizm Bakanl\u0131\u011f\u0131 taraf\u0131ndan ba\u015flat\u0131lan restorasyon \u00e7al\u0131\u015fmalar\u0131nda birinci etap tamamland\u0131. \u00c7al\u0131\u015fmalar\u0131n tamamlan\u0131p m\u00fczenin 2026 y\u0131l\u0131nda a\u00e7\u0131lmas\u0131 hedefleniyor\u00a0Read More<\/p>\n","protected":false},"author":1,"featured_media":0,"comment_status":"open","ping_status":"open","sticky":false,"template":"","format":"standard","meta":{"footnotes":"","_links_to":"","_links_to_target":""},"categories":[1],"tags":[],"class_list":["post-4445","post","type-post","status-publish","format-standard","hentry","category-haberler"],"_links":{"self":[{"href":"https:\/\/www.abchukuk.com\/index.php\/wp-json\/wp\/v2\/posts\/4445","targetHints":{"allow":["GET"]}}],"collection":[{"href":"https:\/\/www.abchukuk.com\/index.php\/wp-json\/wp\/v2\/posts"}],"about":[{"href":"https:\/\/www.abchukuk.com\/index.php\/wp-json\/wp\/v2\/types\/post"}],"author":[{"embeddable":true,"href":"https:\/\/www.abchukuk.com\/index.php\/wp-json\/wp\/v2\/users\/1"}],"replies":[{"embeddable":true,"href":"https:\/\/www.abchukuk.com\/index.php\/wp-json\/wp\/v2\/comments?post=4445"}],"version-history":[{"count":0,"href":"https:\/\/www.abchukuk.com\/index.php\/wp-json\/wp\/v2\/posts\/4445\/revisions"}],"wp:attachment":[{"href":"https:\/\/www.abchukuk.com\/index.php\/wp-json\/wp\/v2\/media?parent=4445"}],"wp:term":[{"taxonomy":"category","embeddable":true,"href":"https:\/\/www.abchukuk.com\/index.php\/wp-json\/wp\/v2\/categories?post=4445"},{"taxonomy":"post_tag","embeddable":true,"href":"https:\/\/www.abchukuk.com\/index.php\/wp-json\/wp\/v2\/tags?post=4445"}],"curies":[{"name":"wp","href":"https:\/\/api.w.org\/{rel}","templated":true}]}}