{"id":4406,"date":"2025-09-10T09:40:58","date_gmt":"2025-09-10T09:40:58","guid":{"rendered":"https:\/\/www.abchukuk.com\/index.php\/2025\/09\/10\/fransada-her-seyi-durdur-protestolari-yaklasik-200-kisi-gozaltina-alindi\/"},"modified":"2025-09-10T09:40:58","modified_gmt":"2025-09-10T09:40:58","slug":"fransada-her-seyi-durdur-protestolari-yaklasik-200-kisi-gozaltina-alindi","status":"publish","type":"post","link":"https:\/\/www.abchukuk.com\/index.php\/2025\/09\/10\/fransada-her-seyi-durdur-protestolari-yaklasik-200-kisi-gozaltina-alindi\/","title":{"rendered":"Fransa&#8217;da &#8216;Her \u015eeyi Durdur&#8217; protestolar\u0131: Yakla\u015f\u0131k 200 ki\u015fi g\u00f6zalt\u0131na al\u0131nd\u0131"},"content":{"rendered":"<p>Fran\u00e7ois Bayrou h\u00fck\u00fcmetinin d\u00fc\u015fmesinin ard\u0131ndan Fransa&#8217;y\u0131 felce u\u011fratmaya \u00e7al\u0131\u015fan &#8216;Her \u015eeyi Durdur&#8217; protestolar\u0131 s\u0131ras\u0131nda Frans\u0131z polisi yakla\u015f\u0131k 200 ki\u015fiyi g\u00f6zalt\u0131na ald\u0131.Fran\u00e7ois Bayrou h\u00fck\u00fcmetinin d\u00fc\u015fmesinin ard\u0131ndan Fransa&#8217;y\u0131 felce u\u011fratmaya \u00e7al\u0131\u015fan &#8216;Her \u015eeyi Durdur&#8217; protestolar\u0131 s\u0131ras\u0131nda Frans\u0131z polisi yakla\u015f\u0131k 200 ki\u015fiyi g\u00f6zalt\u0131na ald\u0131.\u00a0<a href=\"http:\/\/tr.euronews.com\/2025\/09\/10\/fransada-her-seyi-durdur-protestolari-yaklasik-200-kisi-gozaltina-alindi\" target=\"_blank\" class=\"feedzy-rss-link-icon\">Read More<\/a><\/p>","protected":false},"excerpt":{"rendered":"<p>Fran\u00e7ois Bayrou h\u00fck\u00fcmetinin d\u00fc\u015fmesinin ard\u0131ndan Fransa&#8217;y\u0131 felce u\u011fratmaya \u00e7al\u0131\u015fan &#8216;Her \u015eeyi Durdur&#8217; protestolar\u0131 s\u0131ras\u0131nda Frans\u0131z polisi yakla\u015f\u0131k 200 ki\u015fiyi g\u00f6zalt\u0131na ald\u0131.Fran\u00e7ois Bayrou h\u00fck\u00fcmetinin d\u00fc\u015fmesinin ard\u0131ndan Fransa&#8217;y\u0131 felce u\u011fratmaya \u00e7al\u0131\u015fan &#8216;Her \u015eeyi Durdur&#8217; protestolar\u0131 s\u0131ras\u0131nda Frans\u0131z polisi yakla\u015f\u0131k 200 ki\u015fiyi g\u00f6zalt\u0131na ald\u0131.\u00a0Read More<\/p>\n","protected":false},"author":1,"featured_media":0,"comment_status":"open","ping_status":"open","sticky":false,"template":"","format":"standard","meta":{"footnotes":"","_links_to":"","_links_to_target":""},"categories":[1],"tags":[],"class_list":["post-4406","post","type-post","status-publish","format-standard","hentry","category-haberler"],"_links":{"self":[{"href":"https:\/\/www.abchukuk.com\/index.php\/wp-json\/wp\/v2\/posts\/4406","targetHints":{"allow":["GET"]}}],"collection":[{"href":"https:\/\/www.abchukuk.com\/index.php\/wp-json\/wp\/v2\/posts"}],"about":[{"href":"https:\/\/www.abchukuk.com\/index.php\/wp-json\/wp\/v2\/types\/post"}],"author":[{"embeddable":true,"href":"https:\/\/www.abchukuk.com\/index.php\/wp-json\/wp\/v2\/users\/1"}],"replies":[{"embeddable":true,"href":"https:\/\/www.abchukuk.com\/index.php\/wp-json\/wp\/v2\/comments?post=4406"}],"version-history":[{"count":0,"href":"https:\/\/www.abchukuk.com\/index.php\/wp-json\/wp\/v2\/posts\/4406\/revisions"}],"wp:attachment":[{"href":"https:\/\/www.abchukuk.com\/index.php\/wp-json\/wp\/v2\/media?parent=4406"}],"wp:term":[{"taxonomy":"category","embeddable":true,"href":"https:\/\/www.abchukuk.com\/index.php\/wp-json\/wp\/v2\/categories?post=4406"},{"taxonomy":"post_tag","embeddable":true,"href":"https:\/\/www.abchukuk.com\/index.php\/wp-json\/wp\/v2\/tags?post=4406"}],"curies":[{"name":"wp","href":"https:\/\/api.w.org\/{rel}","templated":true}]}}