{"id":4399,"date":"2025-09-10T22:22:46","date_gmt":"2025-09-10T22:22:46","guid":{"rendered":"https:\/\/www.abchukuk.com\/index.php\/2025\/09\/10\/istanbul-elektrik-kesintisi-sorgulama-ekrani\/"},"modified":"2025-09-10T22:22:46","modified_gmt":"2025-09-10T22:22:46","slug":"istanbul-elektrik-kesintisi-sorgulama-ekrani","status":"publish","type":"post","link":"https:\/\/www.abchukuk.com\/index.php\/2025\/09\/10\/istanbul-elektrik-kesintisi-sorgulama-ekrani\/","title":{"rendered":"\u0130stanbul elektrik kesintisi sorgulama ekran\u0131"},"content":{"rendered":"<p>Bo\u011fazi\u00e7i Elektrik Da\u011f\u0131t\u0131m A.\u015e. (BEDA\u015e) ve \u0130stanbul Anadolu Yakas\u0131 Elektrik Da\u011f\u0131t\u0131m A.\u015e (AYEDA\u015e) 11 Eyl\u00fcl Per\u015fembe \u0130stanbul&#8217;da uzun s\u00fcreli elektrik kesintisi ya\u015fanabilece\u011fini a\u00e7\u0131klad\u0131. Yap\u0131lan duyuru ile \u0130stanbul&#8217;un baz\u0131 il\u00e7elerinde elektrik kesintisi bekleniyor. \u0130\u015fte \u0130stanbul&#8217;da elektrik kesintisi ya\u015fanacak il\u00e7eleri sorgulama ekran\u0131&#8230;Bo\u011fazi\u00e7i Elektrik Da\u011f\u0131t\u0131m A.\u015e. (BEDA\u015e) ve \u0130stanbul Anadolu Yakas\u0131 Elektrik Da\u011f\u0131t\u0131m A.\u015e (AYEDA\u015e) 11 Eyl\u00fcl Per\u015fembe \u0130stanbul&#8217;da uzun s\u00fcreli elektrik kesintisi ya\u015fanabilece\u011fini a\u00e7\u0131klad\u0131. Yap\u0131lan duyuru ile \u0130stanbul&#8217;un baz\u0131 il\u00e7elerinde elektrik kesintisi bekleniyor. \u0130\u015fte \u0130stanbul&#8217;da elektrik kesintisi ya\u015fanacak il\u00e7eleri sorgulama ekran\u0131&#8230;\u00a0<a href=\"https:\/\/www.haberturk.com\/istanbul-da-elektrik-kesintisi-bedas-ayedas-duyurdu-11-eylul-persembe-istanbul-elektrikler-ne-zaman-gelecek-3821468\" target=\"_blank\" class=\"feedzy-rss-link-icon\">Read More<\/a><\/p>","protected":false},"excerpt":{"rendered":"<p>Bo\u011fazi\u00e7i Elektrik Da\u011f\u0131t\u0131m A.\u015e. (BEDA\u015e) ve \u0130stanbul Anadolu Yakas\u0131 Elektrik Da\u011f\u0131t\u0131m A.\u015e (AYEDA\u015e) 11 Eyl\u00fcl Per\u015fembe \u0130stanbul&#8217;da uzun s\u00fcreli elektrik kesintisi ya\u015fanabilece\u011fini a\u00e7\u0131klad\u0131. Yap\u0131lan duyuru ile \u0130stanbul&#8217;un baz\u0131 il\u00e7elerinde elektrik kesintisi bekleniyor. \u0130\u015fte \u0130stanbul&#8217;da elektrik kesintisi ya\u015fanacak il\u00e7eleri sorgulama ekran\u0131&#8230;Bo\u011fazi\u00e7i Elektrik Da\u011f\u0131t\u0131m A.\u015e. (BEDA\u015e) ve \u0130stanbul Anadolu Yakas\u0131 Elektrik Da\u011f\u0131t\u0131m A.\u015e (AYEDA\u015e) 11 Eyl\u00fcl Per\u015fembe [&hellip;]<\/p>\n","protected":false},"author":1,"featured_media":0,"comment_status":"open","ping_status":"open","sticky":false,"template":"","format":"standard","meta":{"footnotes":"","_links_to":"","_links_to_target":""},"categories":[1],"tags":[],"class_list":["post-4399","post","type-post","status-publish","format-standard","hentry","category-haberler"],"_links":{"self":[{"href":"https:\/\/www.abchukuk.com\/index.php\/wp-json\/wp\/v2\/posts\/4399","targetHints":{"allow":["GET"]}}],"collection":[{"href":"https:\/\/www.abchukuk.com\/index.php\/wp-json\/wp\/v2\/posts"}],"about":[{"href":"https:\/\/www.abchukuk.com\/index.php\/wp-json\/wp\/v2\/types\/post"}],"author":[{"embeddable":true,"href":"https:\/\/www.abchukuk.com\/index.php\/wp-json\/wp\/v2\/users\/1"}],"replies":[{"embeddable":true,"href":"https:\/\/www.abchukuk.com\/index.php\/wp-json\/wp\/v2\/comments?post=4399"}],"version-history":[{"count":0,"href":"https:\/\/www.abchukuk.com\/index.php\/wp-json\/wp\/v2\/posts\/4399\/revisions"}],"wp:attachment":[{"href":"https:\/\/www.abchukuk.com\/index.php\/wp-json\/wp\/v2\/media?parent=4399"}],"wp:term":[{"taxonomy":"category","embeddable":true,"href":"https:\/\/www.abchukuk.com\/index.php\/wp-json\/wp\/v2\/categories?post=4399"},{"taxonomy":"post_tag","embeddable":true,"href":"https:\/\/www.abchukuk.com\/index.php\/wp-json\/wp\/v2\/tags?post=4399"}],"curies":[{"name":"wp","href":"https:\/\/api.w.org\/{rel}","templated":true}]}}