{"id":4397,"date":"2025-09-11T08:50:04","date_gmt":"2025-09-11T08:50:04","guid":{"rendered":"https:\/\/www.abchukuk.com\/index.php\/2025\/09\/11\/bahceliden-suca-suruklenen-cocuk-mesaji\/"},"modified":"2025-09-11T08:50:04","modified_gmt":"2025-09-11T08:50:04","slug":"bahceliden-suca-suruklenen-cocuk-mesaji","status":"publish","type":"post","link":"https:\/\/www.abchukuk.com\/index.php\/2025\/09\/11\/bahceliden-suca-suruklenen-cocuk-mesaji\/","title":{"rendered":"Bah\u00e7eli&#8217;den su\u00e7a s\u00fcr\u00fcklenen \u00e7ocuk mesaj\u0131"},"content":{"rendered":"<p>MHP Genel Ba\u015fkan\u0131 Devlet Bah\u00e7eli, son d\u00f6nemde artan su\u00e7a s\u00fcr\u00fcklenen \u00e7ocuk olaylar\u0131 hakk\u0131nda, &#8220;\u00c7ocuktan katil olmayaca\u011f\u0131 gibi, katil veya ter\u00f6ristin \u00e7ocuk olarak tavzih ve tevili ise \u00e7etin bir yanl\u0131\u015ft\u0131r. Su\u00e7 i\u015fleyenlerin, bunu azmettirenlerin, ihmal ve kay\u0131ts\u0131zl\u0131k g\u00f6sterenlerin g\u00f6z\u00fcn\u00fcn ya\u015f\u0131na bak\u0131lmamal\u0131d\u0131r&#8221; dediMHP Genel Ba\u015fkan\u0131 Devlet Bah\u00e7eli, son d\u00f6nemde artan su\u00e7a s\u00fcr\u00fcklenen \u00e7ocuk olaylar\u0131 hakk\u0131nda, &#8220;\u00c7ocuktan katil olmayaca\u011f\u0131 gibi, katil veya ter\u00f6ristin \u00e7ocuk olarak tavzih ve tevili ise \u00e7etin bir yanl\u0131\u015ft\u0131r. Su\u00e7 i\u015fleyenlerin, bunu azmettirenlerin, ihmal ve kay\u0131ts\u0131zl\u0131k g\u00f6sterenlerin g\u00f6z\u00fcn\u00fcn ya\u015f\u0131na bak\u0131lmamal\u0131d\u0131r&#8221; dedi\u00a0<a href=\"https:\/\/www.haberturk.com\/son-dakika-bahceli-den-suca-suruklenen-cocuk-mesaji-3821570\" target=\"_blank\" class=\"feedzy-rss-link-icon\">Read More<\/a><\/p>","protected":false},"excerpt":{"rendered":"<p>MHP Genel Ba\u015fkan\u0131 Devlet Bah\u00e7eli, son d\u00f6nemde artan su\u00e7a s\u00fcr\u00fcklenen \u00e7ocuk olaylar\u0131 hakk\u0131nda, &#8220;\u00c7ocuktan katil olmayaca\u011f\u0131 gibi, katil veya ter\u00f6ristin \u00e7ocuk olarak tavzih ve tevili ise \u00e7etin bir yanl\u0131\u015ft\u0131r. Su\u00e7 i\u015fleyenlerin, bunu azmettirenlerin, ihmal ve kay\u0131ts\u0131zl\u0131k g\u00f6sterenlerin g\u00f6z\u00fcn\u00fcn ya\u015f\u0131na bak\u0131lmamal\u0131d\u0131r&#8221; dediMHP Genel Ba\u015fkan\u0131 Devlet Bah\u00e7eli, son d\u00f6nemde artan su\u00e7a s\u00fcr\u00fcklenen \u00e7ocuk olaylar\u0131 hakk\u0131nda, &#8220;\u00c7ocuktan katil [&hellip;]<\/p>\n","protected":false},"author":1,"featured_media":0,"comment_status":"open","ping_status":"open","sticky":false,"template":"","format":"standard","meta":{"footnotes":"","_links_to":"","_links_to_target":""},"categories":[1],"tags":[],"class_list":["post-4397","post","type-post","status-publish","format-standard","hentry","category-haberler"],"_links":{"self":[{"href":"https:\/\/www.abchukuk.com\/index.php\/wp-json\/wp\/v2\/posts\/4397","targetHints":{"allow":["GET"]}}],"collection":[{"href":"https:\/\/www.abchukuk.com\/index.php\/wp-json\/wp\/v2\/posts"}],"about":[{"href":"https:\/\/www.abchukuk.com\/index.php\/wp-json\/wp\/v2\/types\/post"}],"author":[{"embeddable":true,"href":"https:\/\/www.abchukuk.com\/index.php\/wp-json\/wp\/v2\/users\/1"}],"replies":[{"embeddable":true,"href":"https:\/\/www.abchukuk.com\/index.php\/wp-json\/wp\/v2\/comments?post=4397"}],"version-history":[{"count":0,"href":"https:\/\/www.abchukuk.com\/index.php\/wp-json\/wp\/v2\/posts\/4397\/revisions"}],"wp:attachment":[{"href":"https:\/\/www.abchukuk.com\/index.php\/wp-json\/wp\/v2\/media?parent=4397"}],"wp:term":[{"taxonomy":"category","embeddable":true,"href":"https:\/\/www.abchukuk.com\/index.php\/wp-json\/wp\/v2\/categories?post=4397"},{"taxonomy":"post_tag","embeddable":true,"href":"https:\/\/www.abchukuk.com\/index.php\/wp-json\/wp\/v2\/tags?post=4397"}],"curies":[{"name":"wp","href":"https:\/\/api.w.org\/{rel}","templated":true}]}}