{"id":4394,"date":"2025-09-11T12:01:46","date_gmt":"2025-09-11T12:01:46","guid":{"rendered":"https:\/\/www.abchukuk.com\/index.php\/2025\/09\/11\/corumda-uyusturucu-operasyonu-2-kisi-gozaltinda\/"},"modified":"2025-09-11T12:01:46","modified_gmt":"2025-09-11T12:01:46","slug":"corumda-uyusturucu-operasyonu-2-kisi-gozaltinda","status":"publish","type":"post","link":"https:\/\/www.abchukuk.com\/index.php\/2025\/09\/11\/corumda-uyusturucu-operasyonu-2-kisi-gozaltinda\/","title":{"rendered":"\u00c7orum&#8217;da Uyu\u015fturucu Operasyonu! 2 Ki\u015fi G\u00f6zalt\u0131nda"},"content":{"rendered":"<p><a href=\"https:\/\/www.gercekgundem.com\/yurttan-haberler\/corumda-uyusturucu-operasyonu-2-kisi-gozaltinda-554872\"><br \/>\n                                                            <img decoding=\"async\" src=\"https:\/\/i.gercekgundem.com\/2\/150\/84\/storage\/files\/images\/2025\/09\/11\/corumda-uyusturucu-operasyonu-2-kisi-gozaltinda-zgma.jpg\" width=\"150\" height=\"84\" border=\"0\" align=\"right\" \/><br \/>\n                                                    <\/a><\/p>\n<h4>\u00c7orum\u2019un Alaca il\u00e7esinde ger\u00e7ekle\u015ftirilen yol kontrol\u00fc s\u0131ras\u0131nda bir ara\u00e7ta yap\u0131lan aramada uyu\u015fturucu madde ele ge\u00e7irildi. Olayla ba\u011flant\u0131l\u0131 iki ki\u015fi g\u00f6zalt\u0131na al\u0131nd\u0131.<\/h4>\n<p>\u00c7orum\u2019un Alaca il\u00e7esinde ger\u00e7ekle\u015ftirilen yol kontrol\u00fc s\u0131ras\u0131nda bir ara\u00e7ta yap\u0131lan aramada uyu\u015fturucu madde ele ge\u00e7irildi. Olayla ba\u011flant\u0131l\u0131 iki ki\u015fi g\u00f6zalt\u0131na al\u0131nd\u0131.\u00a0<a href=\"https:\/\/www.gercekgundem.com\/yurttan-haberler\/corumda-uyusturucu-operasyonu-2-kisi-gozaltinda-554872\" target=\"_blank\" class=\"feedzy-rss-link-icon\">Read More<\/a><\/p>","protected":false},"excerpt":{"rendered":"<p>\u00c7orum\u2019un Alaca il\u00e7esinde ger\u00e7ekle\u015ftirilen yol kontrol\u00fc s\u0131ras\u0131nda bir ara\u00e7ta yap\u0131lan aramada uyu\u015fturucu madde ele ge\u00e7irildi. Olayla ba\u011flant\u0131l\u0131 iki ki\u015fi g\u00f6zalt\u0131na al\u0131nd\u0131. \u00c7orum\u2019un Alaca il\u00e7esinde ger\u00e7ekle\u015ftirilen yol kontrol\u00fc s\u0131ras\u0131nda bir ara\u00e7ta yap\u0131lan aramada uyu\u015fturucu madde ele ge\u00e7irildi. Olayla ba\u011flant\u0131l\u0131 iki ki\u015fi g\u00f6zalt\u0131na al\u0131nd\u0131.\u00a0Read More<\/p>\n","protected":false},"author":1,"featured_media":4178,"comment_status":"open","ping_status":"open","sticky":false,"template":"","format":"standard","meta":{"footnotes":"","_links_to":"","_links_to_target":""},"categories":[1],"tags":[],"class_list":["post-4394","post","type-post","status-publish","format-standard","has-post-thumbnail","hentry","category-haberler"],"_links":{"self":[{"href":"https:\/\/www.abchukuk.com\/index.php\/wp-json\/wp\/v2\/posts\/4394","targetHints":{"allow":["GET"]}}],"collection":[{"href":"https:\/\/www.abchukuk.com\/index.php\/wp-json\/wp\/v2\/posts"}],"about":[{"href":"https:\/\/www.abchukuk.com\/index.php\/wp-json\/wp\/v2\/types\/post"}],"author":[{"embeddable":true,"href":"https:\/\/www.abchukuk.com\/index.php\/wp-json\/wp\/v2\/users\/1"}],"replies":[{"embeddable":true,"href":"https:\/\/www.abchukuk.com\/index.php\/wp-json\/wp\/v2\/comments?post=4394"}],"version-history":[{"count":0,"href":"https:\/\/www.abchukuk.com\/index.php\/wp-json\/wp\/v2\/posts\/4394\/revisions"}],"wp:featuredmedia":[{"embeddable":true,"href":"https:\/\/www.abchukuk.com\/index.php\/wp-json\/wp\/v2\/media\/4178"}],"wp:attachment":[{"href":"https:\/\/www.abchukuk.com\/index.php\/wp-json\/wp\/v2\/media?parent=4394"}],"wp:term":[{"taxonomy":"category","embeddable":true,"href":"https:\/\/www.abchukuk.com\/index.php\/wp-json\/wp\/v2\/categories?post=4394"},{"taxonomy":"post_tag","embeddable":true,"href":"https:\/\/www.abchukuk.com\/index.php\/wp-json\/wp\/v2\/tags?post=4394"}],"curies":[{"name":"wp","href":"https:\/\/api.w.org\/{rel}","templated":true}]}}