{"id":4359,"date":"2025-09-11T13:07:00","date_gmt":"2025-09-11T13:07:00","guid":{"rendered":"https:\/\/www.abchukuk.com\/index.php\/2025\/09\/11\/cumhurbaskanina-hakaret-sucundan-yargilanan-avukat-ilk-kez-hakim-karsisina-cikti-durusma-30-ekime-ertelendi\/"},"modified":"2025-09-11T13:07:00","modified_gmt":"2025-09-11T13:07:00","slug":"cumhurbaskanina-hakaret-sucundan-yargilanan-avukat-ilk-kez-hakim-karsisina-cikti-durusma-30-ekime-ertelendi","status":"publish","type":"post","link":"https:\/\/www.abchukuk.com\/index.php\/2025\/09\/11\/cumhurbaskanina-hakaret-sucundan-yargilanan-avukat-ilk-kez-hakim-karsisina-cikti-durusma-30-ekime-ertelendi\/","title":{"rendered":"&#8216;Cumhurba\u015fkan\u0131na hakaret&#8217; su\u00e7undan yarg\u0131lanan avukat ilk kez hakim kar\u015f\u0131s\u0131na \u00e7\u0131kt\u0131: Duru\u015fma 30 Ekim\u2019e ertelendi"},"content":{"rendered":"<p>Sosyal medya payla\u015f\u0131m\u0131 nedeniyle \u201cCumhurba\u015fkan\u0131na hakaret\u201d su\u00e7undan yarg\u0131lanan avukat Burak Sald\u0131ro\u011flu\u2019nun ilk duru\u015fmas\u0131 bug\u00fcn g\u00f6r\u00fcld\u00fc. Bir sonraki duru\u015fma 30 Ekim\u2019e ertelendi.Sosyal medya payla\u015f\u0131m\u0131 nedeniyle \u201cCumhurba\u015fkan\u0131na hakaret\u201d su\u00e7undan yarg\u0131lanan avukat Burak Sald\u0131ro\u011flu\u2019nun ilk duru\u015fmas\u0131 bug\u00fcn g\u00f6r\u00fcld\u00fc. Bir sonraki duru\u015fma 30 Ekim\u2019e ertelendi.\u00a0<a href=\"https:\/\/www.cumhuriyet.com.tr\/turkiye\/cumhurbaskanina-hakaret-sucundan-yargilanan-avukat-ilk-kez-hakim-karsisina-cikti-durusma-30-ekim-e-ertelendi-2434280\" target=\"_blank\" class=\"feedzy-rss-link-icon\">Read More<\/a><\/p>","protected":false},"excerpt":{"rendered":"<p>Sosyal medya payla\u015f\u0131m\u0131 nedeniyle \u201cCumhurba\u015fkan\u0131na hakaret\u201d su\u00e7undan yarg\u0131lanan avukat Burak Sald\u0131ro\u011flu\u2019nun ilk duru\u015fmas\u0131 bug\u00fcn g\u00f6r\u00fcld\u00fc. Bir sonraki duru\u015fma 30 Ekim\u2019e ertelendi.Sosyal medya payla\u015f\u0131m\u0131 nedeniyle \u201cCumhurba\u015fkan\u0131na hakaret\u201d su\u00e7undan yarg\u0131lanan avukat Burak Sald\u0131ro\u011flu\u2019nun ilk duru\u015fmas\u0131 bug\u00fcn g\u00f6r\u00fcld\u00fc. Bir sonraki duru\u015fma 30 Ekim\u2019e ertelendi.\u00a0Read More<\/p>\n","protected":false},"author":1,"featured_media":4172,"comment_status":"open","ping_status":"open","sticky":false,"template":"","format":"standard","meta":{"footnotes":"","_links_to":"","_links_to_target":""},"categories":[1],"tags":[],"class_list":["post-4359","post","type-post","status-publish","format-standard","has-post-thumbnail","hentry","category-haberler"],"_links":{"self":[{"href":"https:\/\/www.abchukuk.com\/index.php\/wp-json\/wp\/v2\/posts\/4359","targetHints":{"allow":["GET"]}}],"collection":[{"href":"https:\/\/www.abchukuk.com\/index.php\/wp-json\/wp\/v2\/posts"}],"about":[{"href":"https:\/\/www.abchukuk.com\/index.php\/wp-json\/wp\/v2\/types\/post"}],"author":[{"embeddable":true,"href":"https:\/\/www.abchukuk.com\/index.php\/wp-json\/wp\/v2\/users\/1"}],"replies":[{"embeddable":true,"href":"https:\/\/www.abchukuk.com\/index.php\/wp-json\/wp\/v2\/comments?post=4359"}],"version-history":[{"count":0,"href":"https:\/\/www.abchukuk.com\/index.php\/wp-json\/wp\/v2\/posts\/4359\/revisions"}],"wp:featuredmedia":[{"embeddable":true,"href":"https:\/\/www.abchukuk.com\/index.php\/wp-json\/wp\/v2\/media\/4172"}],"wp:attachment":[{"href":"https:\/\/www.abchukuk.com\/index.php\/wp-json\/wp\/v2\/media?parent=4359"}],"wp:term":[{"taxonomy":"category","embeddable":true,"href":"https:\/\/www.abchukuk.com\/index.php\/wp-json\/wp\/v2\/categories?post=4359"},{"taxonomy":"post_tag","embeddable":true,"href":"https:\/\/www.abchukuk.com\/index.php\/wp-json\/wp\/v2\/tags?post=4359"}],"curies":[{"name":"wp","href":"https:\/\/api.w.org\/{rel}","templated":true}]}}