{"id":4358,"date":"2025-09-11T13:20:00","date_gmt":"2025-09-11T13:20:00","guid":{"rendered":"https:\/\/www.abchukuk.com\/index.php\/2025\/09\/11\/chpli-murat-emir-komisyonda-konustu-mahkemeler-ustunden-estirilen-terore-boyun-egmemeliyiz\/"},"modified":"2025-09-11T13:20:00","modified_gmt":"2025-09-11T13:20:00","slug":"chpli-murat-emir-komisyonda-konustu-mahkemeler-ustunden-estirilen-terore-boyun-egmemeliyiz","status":"publish","type":"post","link":"https:\/\/www.abchukuk.com\/index.php\/2025\/09\/11\/chpli-murat-emir-komisyonda-konustu-mahkemeler-ustunden-estirilen-terore-boyun-egmemeliyiz\/","title":{"rendered":"CHP&#8217;li Murat Emir komisyonda konu\u015ftu: &#8216;Mahkemeler \u00fcst\u00fcnden estirilen ter\u00f6re boyun e\u011fmemeliyiz&#8217;"},"content":{"rendered":"<p>Milli Dayan\u0131\u015fma Karde\u015flik ve Demokrasi Komisyonu&#8217;nda konu\u015fan CHP Grup Ba\u015fkanvekili Murat Emir, &#8220;E\u011fer bu komisyonun ilerlemesi isteniyorsa art\u0131k bu hukuksuzluklara, bu asliye hukuk mahkemeleri \u00fczerinden estirilen ter\u00f6re, bu bask\u0131lara, bu il binalar\u0131m\u0131za, genel merkezlerimize, partimizin binalar\u0131na, b\u00f6lgesine sald\u0131rgan, sanki su\u00e7 \u00f6rg\u00fct\u00fcym\u00fc\u015f gibi, sanki ter\u00f6r \u00f6rg\u00fct\u00fcym\u00fc\u015f gibi sald\u0131r\u0131lmas\u0131na boyun e\u011fmemeliyiz&#8221; dedi.Milli Dayan\u0131\u015fma Karde\u015flik ve Demokrasi Komisyonu&#8217;nda konu\u015fan CHP Grup Ba\u015fkanvekili Murat Emir, &#8220;E\u011fer bu komisyonun ilerlemesi isteniyorsa art\u0131k bu hukuksuzluklara, bu asliye hukuk mahkemeleri \u00fczerinden estirilen ter\u00f6re, bu bask\u0131lara, bu il binalar\u0131m\u0131za, genel merkezlerimize, partimizin binalar\u0131na, b\u00f6lgesine sald\u0131rgan, sanki su\u00e7 \u00f6rg\u00fct\u00fcym\u00fc\u015f gibi, sanki ter\u00f6r \u00f6rg\u00fct\u00fcym\u00fc\u015f gibi sald\u0131r\u0131lmas\u0131na boyun e\u011fmemeliyiz&#8221; dedi.\u00a0<a href=\"https:\/\/www.cumhuriyet.com.tr\/siyaset\/chp-li-murat-emir-komisyonda-konustu-mahkemeler-ustunden-estirilen-terore-boyun-egmemeliyiz-2434287\" target=\"_blank\" class=\"feedzy-rss-link-icon\">Read More<\/a><\/p>","protected":false},"excerpt":{"rendered":"<p>Milli Dayan\u0131\u015fma Karde\u015flik ve Demokrasi Komisyonu&#8217;nda konu\u015fan CHP Grup Ba\u015fkanvekili Murat Emir, &#8220;E\u011fer bu komisyonun ilerlemesi isteniyorsa art\u0131k bu hukuksuzluklara, bu asliye hukuk mahkemeleri \u00fczerinden estirilen ter\u00f6re, bu bask\u0131lara, bu il binalar\u0131m\u0131za, genel merkezlerimize, partimizin binalar\u0131na, b\u00f6lgesine sald\u0131rgan, sanki su\u00e7 \u00f6rg\u00fct\u00fcym\u00fc\u015f gibi, sanki ter\u00f6r \u00f6rg\u00fct\u00fcym\u00fc\u015f gibi sald\u0131r\u0131lmas\u0131na boyun e\u011fmemeliyiz&#8221; dedi.Milli Dayan\u0131\u015fma Karde\u015flik ve Demokrasi Komisyonu&#8217;nda [&hellip;]<\/p>\n","protected":false},"author":1,"featured_media":4170,"comment_status":"open","ping_status":"open","sticky":false,"template":"","format":"standard","meta":{"footnotes":"","_links_to":"","_links_to_target":""},"categories":[1],"tags":[],"class_list":["post-4358","post","type-post","status-publish","format-standard","has-post-thumbnail","hentry","category-haberler"],"_links":{"self":[{"href":"https:\/\/www.abchukuk.com\/index.php\/wp-json\/wp\/v2\/posts\/4358","targetHints":{"allow":["GET"]}}],"collection":[{"href":"https:\/\/www.abchukuk.com\/index.php\/wp-json\/wp\/v2\/posts"}],"about":[{"href":"https:\/\/www.abchukuk.com\/index.php\/wp-json\/wp\/v2\/types\/post"}],"author":[{"embeddable":true,"href":"https:\/\/www.abchukuk.com\/index.php\/wp-json\/wp\/v2\/users\/1"}],"replies":[{"embeddable":true,"href":"https:\/\/www.abchukuk.com\/index.php\/wp-json\/wp\/v2\/comments?post=4358"}],"version-history":[{"count":0,"href":"https:\/\/www.abchukuk.com\/index.php\/wp-json\/wp\/v2\/posts\/4358\/revisions"}],"wp:featuredmedia":[{"embeddable":true,"href":"https:\/\/www.abchukuk.com\/index.php\/wp-json\/wp\/v2\/media\/4170"}],"wp:attachment":[{"href":"https:\/\/www.abchukuk.com\/index.php\/wp-json\/wp\/v2\/media?parent=4358"}],"wp:term":[{"taxonomy":"category","embeddable":true,"href":"https:\/\/www.abchukuk.com\/index.php\/wp-json\/wp\/v2\/categories?post=4358"},{"taxonomy":"post_tag","embeddable":true,"href":"https:\/\/www.abchukuk.com\/index.php\/wp-json\/wp\/v2\/tags?post=4358"}],"curies":[{"name":"wp","href":"https:\/\/api.w.org\/{rel}","templated":true}]}}