{"id":4326,"date":"2025-09-11T18:30:16","date_gmt":"2025-09-11T18:30:16","guid":{"rendered":"https:\/\/www.abchukuk.com\/index.php\/2025\/09\/11\/manavgatta-rusvet-operasyonu-eski-belediye-baskani-ve-kardesi-tutuklandi\/"},"modified":"2025-09-11T18:30:16","modified_gmt":"2025-09-11T18:30:16","slug":"manavgatta-rusvet-operasyonu-eski-belediye-baskani-ve-kardesi-tutuklandi","status":"publish","type":"post","link":"https:\/\/www.abchukuk.com\/index.php\/2025\/09\/11\/manavgatta-rusvet-operasyonu-eski-belediye-baskani-ve-kardesi-tutuklandi\/","title":{"rendered":"Manavgat\u2019ta r\u00fc\u015fvet operasyonu: Eski belediye ba\u015fkan\u0131 ve karde\u015fi tutukland\u0131"},"content":{"rendered":"<p>Antalya\u2019n\u0131n Manavgat il\u00e7esinde &#8216;r\u00fc\u015fvet&#8217;, &#8216;zimmet&#8217; ve &#8216;ihaleye fesat kar\u0131\u015ft\u0131rma&#8217; su\u00e7lamalar\u0131yla g\u00f6zalt\u0131na al\u0131nan eski Manavgat Belediye Ba\u015fkan\u0131 \u015e\u00fckr\u00fc S\u00f6zen ve karde\u015fi Fatih S\u00f6zen, jandarmadaki i\u015flemlerinin ard\u0131ndan \u00e7\u0131kar\u0131ld\u0131klar\u0131 mahkemece tutukland\u0131.Antalya\u2019n\u0131n Manavgat il\u00e7esinde &#8216;r\u00fc\u015fvet&#8217;, &#8216;zimmet&#8217; ve &#8216;ihaleye fesat kar\u0131\u015ft\u0131rma&#8217; su\u00e7lamalar\u0131yla g\u00f6zalt\u0131na al\u0131nan eski Manavgat Belediye Ba\u015fkan\u0131 \u015e\u00fckr\u00fc S\u00f6zen ve karde\u015fi Fatih S\u00f6zen, jandarmadaki i\u015flemlerinin ard\u0131ndan \u00e7\u0131kar\u0131ld\u0131klar\u0131 mahkemece tutukland\u0131.\u00a0<a href=\"https:\/\/anlatilaninotesi.com.tr\/20250911\/manavgatta-rusvet-operasyonu-eski-belediye-baskani-ve-kardesi-tutuklandi-1099302277.html\" target=\"_blank\" class=\"feedzy-rss-link-icon\">Read More<\/a><\/p>","protected":false},"excerpt":{"rendered":"<p>Antalya\u2019n\u0131n Manavgat il\u00e7esinde &#8216;r\u00fc\u015fvet&#8217;, &#8216;zimmet&#8217; ve &#8216;ihaleye fesat kar\u0131\u015ft\u0131rma&#8217; su\u00e7lamalar\u0131yla g\u00f6zalt\u0131na al\u0131nan eski Manavgat Belediye Ba\u015fkan\u0131 \u015e\u00fckr\u00fc S\u00f6zen ve karde\u015fi Fatih S\u00f6zen, jandarmadaki i\u015flemlerinin ard\u0131ndan \u00e7\u0131kar\u0131ld\u0131klar\u0131 mahkemece tutukland\u0131.Antalya\u2019n\u0131n Manavgat il\u00e7esinde &#8216;r\u00fc\u015fvet&#8217;, &#8216;zimmet&#8217; ve &#8216;ihaleye fesat kar\u0131\u015ft\u0131rma&#8217; su\u00e7lamalar\u0131yla g\u00f6zalt\u0131na al\u0131nan eski Manavgat Belediye Ba\u015fkan\u0131 \u015e\u00fckr\u00fc S\u00f6zen ve karde\u015fi Fatih S\u00f6zen, jandarmadaki i\u015flemlerinin ard\u0131ndan \u00e7\u0131kar\u0131ld\u0131klar\u0131 mahkemece tutukland\u0131.\u00a0Read [&hellip;]<\/p>\n","protected":false},"author":1,"featured_media":0,"comment_status":"open","ping_status":"open","sticky":false,"template":"","format":"standard","meta":{"footnotes":"","_links_to":"","_links_to_target":""},"categories":[1],"tags":[],"class_list":["post-4326","post","type-post","status-publish","format-standard","hentry","category-haberler"],"_links":{"self":[{"href":"https:\/\/www.abchukuk.com\/index.php\/wp-json\/wp\/v2\/posts\/4326","targetHints":{"allow":["GET"]}}],"collection":[{"href":"https:\/\/www.abchukuk.com\/index.php\/wp-json\/wp\/v2\/posts"}],"about":[{"href":"https:\/\/www.abchukuk.com\/index.php\/wp-json\/wp\/v2\/types\/post"}],"author":[{"embeddable":true,"href":"https:\/\/www.abchukuk.com\/index.php\/wp-json\/wp\/v2\/users\/1"}],"replies":[{"embeddable":true,"href":"https:\/\/www.abchukuk.com\/index.php\/wp-json\/wp\/v2\/comments?post=4326"}],"version-history":[{"count":0,"href":"https:\/\/www.abchukuk.com\/index.php\/wp-json\/wp\/v2\/posts\/4326\/revisions"}],"wp:attachment":[{"href":"https:\/\/www.abchukuk.com\/index.php\/wp-json\/wp\/v2\/media?parent=4326"}],"wp:term":[{"taxonomy":"category","embeddable":true,"href":"https:\/\/www.abchukuk.com\/index.php\/wp-json\/wp\/v2\/categories?post=4326"},{"taxonomy":"post_tag","embeddable":true,"href":"https:\/\/www.abchukuk.com\/index.php\/wp-json\/wp\/v2\/tags?post=4326"}],"curies":[{"name":"wp","href":"https:\/\/api.w.org\/{rel}","templated":true}]}}