{"id":4324,"date":"2025-09-11T18:50:00","date_gmt":"2025-09-11T18:50:00","guid":{"rendered":"https:\/\/www.abchukuk.com\/index.php\/2025\/09\/11\/chp-avukati-caglar-caglayan-acikladi-kongre-davasi-karari-ne-anlama-geliyor\/"},"modified":"2025-09-11T18:50:00","modified_gmt":"2025-09-11T18:50:00","slug":"chp-avukati-caglar-caglayan-acikladi-kongre-davasi-karari-ne-anlama-geliyor","status":"publish","type":"post","link":"https:\/\/www.abchukuk.com\/index.php\/2025\/09\/11\/chp-avukati-caglar-caglayan-acikladi-kongre-davasi-karari-ne-anlama-geliyor\/","title":{"rendered":"CHP avukat\u0131 \u00c7a\u011flar \u00c7a\u011flayan a\u00e7\u0131klad\u0131: Kongre davas\u0131 karar\u0131 ne anlama geliyor?"},"content":{"rendered":"<p>CHP avukat\u0131 \u00c7a\u011flar \u00c7a\u011flayan, Ankara 3. Asliye Hukuk Mahkemesi\u2019nin bug\u00fcn \u0130stanbul \u0130l Ola\u011fan Kongresi\u2019nin iptali taleplerine ili\u015fkin verdi\u011fi karar\u0131 de\u011ferlendirdi. \u00c7a\u011flayan, &#8220;Bu a\u015famadan sonra yap\u0131lmas\u0131 gereken, tedbirin derhal kald\u0131r\u0131lmas\u0131 ve ortaya \u00e7\u0131kan hukuka ayk\u0131r\u0131l\u0131\u011f\u0131n giderilmesidir&#8221; dedi.CHP avukat\u0131 \u00c7a\u011flar \u00c7a\u011flayan, Ankara 3. Asliye Hukuk Mahkemesi\u2019nin bug\u00fcn \u0130stanbul \u0130l Ola\u011fan Kongresi\u2019nin iptali taleplerine ili\u015fkin verdi\u011fi karar\u0131 de\u011ferlendirdi. \u00c7a\u011flayan, &#8220;Bu a\u015famadan sonra yap\u0131lmas\u0131 gereken, tedbirin derhal kald\u0131r\u0131lmas\u0131 ve ortaya \u00e7\u0131kan hukuka ayk\u0131r\u0131l\u0131\u011f\u0131n giderilmesidir&#8221; dedi.\u00a0<a href=\"https:\/\/www.cumhuriyet.com.tr\/turkiye\/chp-avukati-caglar-caglayan-acikladi-kongre-davasi-karari-ne-anlama-geliyor-2434372\" target=\"_blank\" class=\"feedzy-rss-link-icon\">Read More<\/a><\/p>","protected":false},"excerpt":{"rendered":"<p>CHP avukat\u0131 \u00c7a\u011flar \u00c7a\u011flayan, Ankara 3. Asliye Hukuk Mahkemesi\u2019nin bug\u00fcn \u0130stanbul \u0130l Ola\u011fan Kongresi\u2019nin iptali taleplerine ili\u015fkin verdi\u011fi karar\u0131 de\u011ferlendirdi. \u00c7a\u011flayan, &#8220;Bu a\u015famadan sonra yap\u0131lmas\u0131 gereken, tedbirin derhal kald\u0131r\u0131lmas\u0131 ve ortaya \u00e7\u0131kan hukuka ayk\u0131r\u0131l\u0131\u011f\u0131n giderilmesidir&#8221; dedi.CHP avukat\u0131 \u00c7a\u011flar \u00c7a\u011flayan, Ankara 3. Asliye Hukuk Mahkemesi\u2019nin bug\u00fcn \u0130stanbul \u0130l Ola\u011fan Kongresi\u2019nin iptali taleplerine ili\u015fkin verdi\u011fi karar\u0131 de\u011ferlendirdi. [&hellip;]<\/p>\n","protected":false},"author":1,"featured_media":4325,"comment_status":"open","ping_status":"open","sticky":false,"template":"","format":"standard","meta":{"footnotes":"","_links_to":"","_links_to_target":""},"categories":[1],"tags":[],"class_list":["post-4324","post","type-post","status-publish","format-standard","has-post-thumbnail","hentry","category-haberler"],"_links":{"self":[{"href":"https:\/\/www.abchukuk.com\/index.php\/wp-json\/wp\/v2\/posts\/4324","targetHints":{"allow":["GET"]}}],"collection":[{"href":"https:\/\/www.abchukuk.com\/index.php\/wp-json\/wp\/v2\/posts"}],"about":[{"href":"https:\/\/www.abchukuk.com\/index.php\/wp-json\/wp\/v2\/types\/post"}],"author":[{"embeddable":true,"href":"https:\/\/www.abchukuk.com\/index.php\/wp-json\/wp\/v2\/users\/1"}],"replies":[{"embeddable":true,"href":"https:\/\/www.abchukuk.com\/index.php\/wp-json\/wp\/v2\/comments?post=4324"}],"version-history":[{"count":0,"href":"https:\/\/www.abchukuk.com\/index.php\/wp-json\/wp\/v2\/posts\/4324\/revisions"}],"wp:featuredmedia":[{"embeddable":true,"href":"https:\/\/www.abchukuk.com\/index.php\/wp-json\/wp\/v2\/media\/4325"}],"wp:attachment":[{"href":"https:\/\/www.abchukuk.com\/index.php\/wp-json\/wp\/v2\/media?parent=4324"}],"wp:term":[{"taxonomy":"category","embeddable":true,"href":"https:\/\/www.abchukuk.com\/index.php\/wp-json\/wp\/v2\/categories?post=4324"},{"taxonomy":"post_tag","embeddable":true,"href":"https:\/\/www.abchukuk.com\/index.php\/wp-json\/wp\/v2\/tags?post=4324"}],"curies":[{"name":"wp","href":"https:\/\/api.w.org\/{rel}","templated":true}]}}