{"id":42712,"date":"2026-09-06T21:12:24","date_gmt":"2026-09-06T21:12:24","guid":{"rendered":"https:\/\/www.abchukuk.com\/index.php\/2026\/09\/06\/adalette-yeni-donem-e-durusmadan-ihtisas-mahkemelerine-7-kritik-reform-hayata-gecirilecek\/"},"modified":"2026-09-06T21:12:24","modified_gmt":"2026-09-06T21:12:24","slug":"adalette-yeni-donem-e-durusmadan-ihtisas-mahkemelerine-7-kritik-reform-hayata-gecirilecek","status":"publish","type":"post","link":"https:\/\/www.abchukuk.com\/index.php\/2026\/09\/06\/adalette-yeni-donem-e-durusmadan-ihtisas-mahkemelerine-7-kritik-reform-hayata-gecirilecek\/","title":{"rendered":"Adalette yeni d\u00f6nem: E-duru\u015fmadan ihtisas mahkemelerine 7 kritik reform hayata ge\u00e7irilecek!"},"content":{"rendered":"<p><strong>SON.TV\/ANKARA<\/strong><\/p>\n<p><strong>Adalet sisteminde \u00f6n\u00fcm\u00fczdeki \u00fc\u00e7 y\u0131l\u0131n reform takvimi netle\u015fmeye ba\u015flad\u0131.<\/strong><\/p>\n<p><strong>Adalet Bakan\u0131 Ak\u0131n G\u00fcrlek, Cumhurba\u015fkan\u0131 Recep Tayyip Erdo\u011fan<\/strong>\u2019\u0131n liderli\u011finde ve <strong>Cumhurba\u015fkan\u0131 Yard\u0131mc\u0131s\u0131 Cevdet Y\u0131lmaz<\/strong>\u2019\u0131n koordinasyonunda haz\u0131rlanan 2027\u20132029 Orta Vadeli Program kapsam\u0131nda adalet alan\u0131nda at\u0131lacak yeni ad\u0131mlar\u0131 kamuoyuyla payla\u015ft\u0131.<\/p>\n<p>Yeni d\u00f6nemin temel hedefleri; vatanda\u015f\u0131n adalete daha h\u0131zl\u0131 ula\u015fmas\u0131, uyu\u015fmazl\u0131klar\u0131n makul s\u00fcrede sonu\u00e7land\u0131r\u0131lmas\u0131 ve hukuki \u00f6ng\u00f6r\u00fclebilirli\u011fin g\u00fc\u00e7lendirilmesi olarak belirlendi.<span class=\"Apple-converted-space\">\u00a0<\/span><\/p>\n<p><strong>YARGILAMA S\u00dcRE\u00c7LER\u0130NDE HIZLANMA HEDEF\u0130<\/strong><\/p>\n<p><strong>Yeni reform d\u00f6neminin ilk aya\u011f\u0131n\u0131 yarg\u0131lama s\u00fcreleri olu\u015fturacak.<\/strong><\/p>\n<p><strong>Bakan G\u00fcrlek<\/strong>\u2019in a\u00e7\u0131klad\u0131\u011f\u0131 programa g\u00f6re yarg\u0131lama s\u00fcre\u00e7lerinin daha etkin y\u00fcr\u00fct\u00fclmesi i\u00e7in yeni \u00e7al\u0131\u015fmalar hayata ge\u00e7irilecek. Bunun yan\u0131nda mahkemeye gitmeden uyu\u015fmazl\u0131klar\u0131n \u00e7\u00f6z\u00fclebilmesine imk\u00e2n sa\u011flayan alternatif uyu\u015fmazl\u0131k \u00e7\u00f6z\u00fcm y\u00f6ntemleri daha da g\u00fc\u00e7lendirilecek.<\/p>\n<p>Bu kapsamda arabuluculuk ve benzeri alternatif mekanizmalar\u0131n yan\u0131nda tahkim uygulamalar\u0131n\u0131n kullan\u0131m alan\u0131n\u0131n art\u0131r\u0131lmas\u0131 hedefleniyor.<span class=\"Apple-converted-space\">\u00a0<\/span><\/p>\n<p><strong>TAHK\u0130M UYGULAMALARI YAYGINLA\u015eACAK<\/strong><\/p>\n<p>Program\u0131n dikkat \u00e7eken ba\u015fl\u0131klar\u0131ndan biri tahkim oldu.<\/p>\n<p>Uyu\u015fmazl\u0131klar\u0131n tahkim yoluyla \u00e7\u00f6z\u00fclebilmesine y\u00f6nelik uygulamalar\u0131n yayg\u0131nla\u015ft\u0131r\u0131lmas\u0131 planlan\u0131yor. B\u00f6ylece \u00f6zellikle uygun nitelikteki hukuki ve ticari ihtilaflar\u0131n klasik yarg\u0131lama s\u00fcre\u00e7lerinin d\u0131\u015f\u0131nda alternatif y\u00f6ntemlerle \u00e7\u00f6z\u00fclebilmesinin \u00f6n\u00fc daha da a\u00e7\u0131lacak.<span class=\"Apple-converted-space\">\u00a0<\/span><\/p>\n<p><img fetchpriority=\"high\" decoding=\"async\" class=\"alignnone size-medium wp-image-197997\" src=\"https:\/\/www.son.tv\/wp-content\/uploads\/2026\/09\/IMG_8983-240x300.png\" alt=\"\" width=\"240\" height=\"300\" \/><\/p>\n<p><strong>D\u0130J\u0130TAL \u00c7\u00d6Z\u00dcM PLATFORMU VE \u00c7EVR\u0130M \u0130\u00c7\u0130 UYU\u015eMAZLIK D\u00d6NEM\u0130<\/strong><\/p>\n<p><strong>Adalet Bakanl\u0131\u011f\u0131<\/strong>\u2019n\u0131n yeni d\u00f6nem plan\u0131nda en dikkat \u00e7eken ba\u015fl\u0131klardan biri dijital yarg\u0131 uygulamalar\u0131.<\/p>\n<p>Adalete eri\u015fimin kolayla\u015ft\u0131r\u0131lmas\u0131 ve makul s\u00fcrede yarg\u0131lanma hakk\u0131n\u0131n geli\u015ftirilmesi amac\u0131yla dijital \u00e7\u00f6z\u00fcm platformlar\u0131n\u0131n geli\u015ftirilmesi planlan\u0131yor.<\/p>\n<p>Bunun yan\u0131nda \u00e7evrim i\u00e7i uyu\u015fmazl\u0131k \u00e7\u00f6z\u00fcm y\u00f6ntemlerinin yayg\u0131nla\u015ft\u0131r\u0131lmas\u0131 ve elektronik duru\u015fman\u0131n kapsam\u0131n\u0131n geni\u015fletilmesi hedefleniyor.<span class=\"Apple-converted-space\">\u00a0<\/span><\/p>\n<p><strong>E-DURU\u015eMADA KAPSAM GEN\u0130\u015eL\u0130YOR<\/strong><\/p>\n<p>Elektronik duru\u015fma sistemi asl\u0131nda yeni ba\u015flayan bir uygulama de\u011fil. <strong>Bakan G\u00fcrlek, 29 May\u0131s 2026<\/strong>\u2019da yapt\u0131\u011f\u0131 a\u00e7\u0131klamada e-Duru\u015fma sisteminin ilk derece mahkemelerinin yan\u0131 s\u0131ra b\u00f6lge adliye mahkemelerinde de hayata ge\u00e7irilece\u011fini duyurmu\u015ftu.<\/p>\n<p><strong>G\u00fcrlek<\/strong>, sistemin yarg\u0131lamada h\u0131z, maliyet tasarrufu ve eri\u015fim kolayl\u0131\u011f\u0131 sa\u011flad\u0131\u011f\u0131n\u0131 belirtmi\u015fti. Haziran ay\u0131nda yap\u0131lan a\u00e7\u0131klamada ise baz\u0131 davalarda sistemin kapsam\u0131n\u0131n geni\u015fletildi\u011fi ve avukatlar\u0131n b\u00f6lge adliye mahkemelerindeki baz\u0131 duru\u015fmalara b\u00fcrolar\u0131ndan kat\u0131labilmelerinin \u00f6n\u00fcn\u00fcn a\u00e7\u0131ld\u0131\u011f\u0131 bildirilmi\u015fti.<span class=\"Apple-converted-space\">\u00a0<\/span><\/p>\n<p><strong>YEN\u0130 \u0130HT\u0130SAS MAHKEMELER\u0130 KURULACAK<\/strong><\/p>\n<p>OVP\u2019de yarg\u0131n\u0131n uzmanla\u015fmas\u0131na y\u00f6nelik \u00f6nemli bir d\u00fczenleme de bulunuyor.<\/p>\n<p>Ortaya \u00e7\u0131kan yeni ihtiya\u00e7 alanlar\u0131na g\u00f6re ihtisas mahkemeleri kurulacak. \u00d6zellikle fikr\u00ee ve s\u0131nai haklar mahkemeleri ba\u015fta olmak \u00fczere uzmanla\u015fman\u0131n art\u0131r\u0131lmas\u0131 i\u00e7in e\u011fitim faaliyetleri de g\u00fc\u00e7lendirilecek.<\/p>\n<p>B\u00f6ylece belirli hukuki uyu\u015fmazl\u0131klar\u0131n o alanda ihtisasla\u015fm\u0131\u015f mahkemeler ve yarg\u0131 mensuplar\u0131 taraf\u0131ndan ele al\u0131nmas\u0131n\u0131n yayg\u0131nla\u015ft\u0131r\u0131lmas\u0131 hedefleniyor.<span class=\"Apple-converted-space\">\u00a0<\/span><\/p>\n<p><strong>\u0130CRA VE \u0130FLAS MEVZUATI DE\u011e\u0130\u015e\u0130YOR<\/strong><\/p>\n<p>Yeni reform paketinin \u00f6nemli ayaklar\u0131ndan birini icra ve iflas sistemi olu\u015fturacak.<\/p>\n<p>Bakan G\u00fcrlek, icra ve iflas mevzuat\u0131n\u0131n g\u00fcn\u00fcm\u00fcz ko\u015fullar\u0131na uygun bi\u00e7imde g\u00fcncellenece\u011fini a\u00e7\u0131klad\u0131.<\/p>\n<p>Bu alandaki \u00e7al\u0131\u015fmalar\u0131n yeni d\u00f6nemde mevzuat de\u011fi\u015fiklikleriyle devam etmesi \u00f6ng\u00f6r\u00fcl\u00fcyor.<span class=\"Apple-converted-space\">\u00a0<\/span><\/p>\n<p><strong>KONKORDATONUN K\u00d6T\u00dcYE KULLANILMASINA KAR\u015eI YEN\u0130 ADIM<\/strong><\/p>\n<p><strong>Ticari hayata do\u011frudan etki edecek ba\u015fl\u0131klardan biri konkordato olacak.<\/strong><\/p>\n<p><strong>Adalet Bakanl\u0131\u011f\u0131<\/strong>, konkordato kurumunun amac\u0131 d\u0131\u015f\u0131nda veya k\u00f6t\u00fcye kullan\u0131lmas\u0131n\u0131n \u00f6nlenmesine y\u00f6nelik mevzuat \u00e7al\u0131\u015fmalar\u0131 y\u00fcr\u00fctecek.<\/p>\n<p>Ticari hayatta uygulamadan kaynaklanan aksakl\u0131klar\u0131n giderilmesine y\u00f6nelik d\u00fczenlemeler de ayn\u0131 \u00e7al\u0131\u015fma kapsam\u0131nda ele al\u0131nacak.<span class=\"Apple-converted-space\">\u00a0<\/span><\/p>\n<p><strong>ELEKTRON\u0130K TEBL\u0130GAT DAHA DA YAYGINLA\u015eACAK<\/strong><\/p>\n<p><strong>Yarg\u0131da dijital d\u00f6n\u00fc\u015f\u00fcm\u00fcn di\u011fer aya\u011f\u0131n\u0131 elektronik tebligat olu\u015fturuyor<\/strong>.<\/p>\n<p><strong>Bakan G\u00fcrlek,<\/strong> elektronik tebligat uygulamas\u0131n\u0131n yayg\u0131nla\u015ft\u0131r\u0131lmaya devam edilece\u011fini a\u00e7\u0131klad\u0131.<\/p>\n<p>Tebligat s\u00fcre\u00e7lerinin elektronik ortamda y\u00fcr\u00fct\u00fclmesinin kapsam\u0131n\u0131n geni\u015flemesiyle hem bildirim s\u00fcre\u00e7lerinin h\u0131zland\u0131r\u0131lmas\u0131 hem de yarg\u0131lamalarda tebligattan kaynaklanan zaman kay\u0131plar\u0131n\u0131n azalt\u0131lmas\u0131 ama\u00e7lan\u0131yor.<span class=\"Apple-converted-space\">\u00a0<\/span><\/p>\n<p><strong>HEDEF: MAKUL S\u00dcREDE YARGILAMA<\/strong><\/p>\n<p>A\u00e7\u0131klanan reform ba\u015fl\u0131klar\u0131n\u0131n ortak hedeflerinden biri, uzun yarg\u0131lama s\u00fcrelerinin azalt\u0131lmas\u0131.<\/p>\n<p>Dijital \u00e7\u00f6z\u00fcm platformlar\u0131, alternatif uyu\u015fmazl\u0131k y\u00f6ntemleri, tahkim, <strong>e-Duru\u015fma<\/strong> ve <strong>elektronik tebligat<\/strong> gibi uygulamalar do\u011frudan adalete eri\u015fim ve makul s\u00fcrede yarg\u0131lanma hedefiyle ili\u015fkilendirildi.<\/p>\n<p><strong>Bakan G\u00fcrlek,<\/strong> vatanda\u015flar\u0131n adalete daha h\u0131zl\u0131 ve etkin bi\u00e7imde eri\u015febildi\u011fi, uyu\u015fmazl\u0131klar\u0131n makul s\u00fcrede \u00e7\u00f6z\u00fcme kavu\u015ftu\u011fu ve daha \u00f6ng\u00f6r\u00fclebilir bir adalet sistemi i\u00e7in \u00e7al\u0131\u015fmalar\u0131n aral\u0131ks\u0131z s\u00fcrd\u00fcr\u00fclece\u011fini bildirdi.<span class=\"Apple-converted-space\">\u00a0<\/span><\/p>\n<p><strong>2027\u20132029 D\u00d6NEM\u0130N\u0130N YARGI YOL HAR\u0130TASI<\/strong><\/p>\n<p>A\u00e7\u0131klanan programla birlikte \u00f6n\u00fcm\u00fczdeki d\u00f6nemde adalet sisteminde \u00f6ne \u00e7\u0131kacak 7 temel ba\u015fl\u0131k netle\u015fti:<\/p>\n<p>Yarg\u0131lama s\u00fcre\u00e7lerinin etkinle\u015ftirilmesi, alternatif uyu\u015fmazl\u0131k \u00e7\u00f6z\u00fcm y\u00f6ntemlerinin g\u00fc\u00e7lendirilmesi, tahkimin yayg\u0131nla\u015ft\u0131r\u0131lmas\u0131, dijital \u00e7\u00f6z\u00fcm ve e-Duru\u015fma sistemlerinin geli\u015ftirilmesi, yeni ihtisas mahkemelerinin olu\u015fturulmas\u0131, icra-iflas ve konkordato mevzuat\u0131n\u0131n g\u00f6zden ge\u00e7irilmesi ile elektronik tebligat\u0131n yayg\u0131nla\u015ft\u0131r\u0131lmas\u0131.<\/p>\n<p>Bu ba\u015fl\u0131klar, 2027\u20132029 d\u00f6nemindeki adalet reformlar\u0131n\u0131n temel yol haritas\u0131n\u0131 olu\u015fturacak.<span class=\"Apple-converted-space\">\u00a0<\/span><\/p>\n<p><strong>ET\u0130KETLER: #Ak\u0131nG\u00fcrlek #AdaletBakanl\u0131\u011f\u0131 #OVP #Yarg\u0131Reformu #EDuru\u015fma #ElektronikTebligat #\u0130htisasMahkemeleri #Konkordato #\u0130cra\u0130flas #Tahkim #SonTV<\/strong><\/p>\n<p>Adalet Bakan\u0131 Ak\u0131n G\u00fcrlek, 2027\u20132029 Orta Vadeli Program\u0131 kapsam\u0131nda yarg\u0131 sisteminde hayata ge\u00e7irilecek yeni reformlar\u0131n yol haritas\u0131n\u0131 a\u00e7\u0131klad\u0131. Yarg\u0131lama s\u00fcre\u00e7lerinin h\u0131zland\u0131r\u0131lmas\u0131ndan dijital \u00e7\u00f6z\u00fcm platformlar\u0131na, tahkimden yeni ihtisas mahkemelerine, icra-iflas mevzuat\u0131ndan konkordatoya kadar 7 kritik ba\u015fl\u0131kta yeni d\u00f6nem ba\u015flayacak. Elektronik tebligat\u0131n kapsam\u0131 da geni\u015fletilecek.\u00a0<a href=\"https:\/\/www.son.tv\/adalette-yeni-donem-e-durusmadan-ihtisas-mahkemelerine-7-kritik-reform-hayata-gecirilecek\/\" target=\"_blank\" class=\"feedzy-rss-link-icon\">Read More<\/a><\/p>","protected":false},"excerpt":{"rendered":"<p>SON.TV\/ANKARA Adalet sisteminde \u00f6n\u00fcm\u00fczdeki \u00fc\u00e7 y\u0131l\u0131n reform takvimi netle\u015fmeye ba\u015flad\u0131. Adalet Bakan\u0131 Ak\u0131n G\u00fcrlek, Cumhurba\u015fkan\u0131 Recep Tayyip Erdo\u011fan\u2019\u0131n liderli\u011finde ve Cumhurba\u015fkan\u0131 Yard\u0131mc\u0131s\u0131 Cevdet Y\u0131lmaz\u2019\u0131n koordinasyonunda haz\u0131rlanan 2027\u20132029 Orta Vadeli Program kapsam\u0131nda adalet alan\u0131nda at\u0131lacak yeni ad\u0131mlar\u0131 kamuoyuyla payla\u015ft\u0131. Yeni d\u00f6nemin temel hedefleri; vatanda\u015f\u0131n adalete daha h\u0131zl\u0131 ula\u015fmas\u0131, uyu\u015fmazl\u0131klar\u0131n makul s\u00fcrede sonu\u00e7land\u0131r\u0131lmas\u0131 ve hukuki \u00f6ng\u00f6r\u00fclebilirli\u011fin g\u00fc\u00e7lendirilmesi [&hellip;]<\/p>\n","protected":false},"author":1,"featured_media":42713,"comment_status":"open","ping_status":"open","sticky":false,"template":"","format":"standard","meta":{"footnotes":"","_links_to":"","_links_to_target":""},"categories":[1],"tags":[],"class_list":["post-42712","post","type-post","status-publish","format-standard","has-post-thumbnail","hentry","category-haberler"],"_links":{"self":[{"href":"https:\/\/www.abchukuk.com\/index.php\/wp-json\/wp\/v2\/posts\/42712","targetHints":{"allow":["GET"]}}],"collection":[{"href":"https:\/\/www.abchukuk.com\/index.php\/wp-json\/wp\/v2\/posts"}],"about":[{"href":"https:\/\/www.abchukuk.com\/index.php\/wp-json\/wp\/v2\/types\/post"}],"author":[{"embeddable":true,"href":"https:\/\/www.abchukuk.com\/index.php\/wp-json\/wp\/v2\/users\/1"}],"replies":[{"embeddable":true,"href":"https:\/\/www.abchukuk.com\/index.php\/wp-json\/wp\/v2\/comments?post=42712"}],"version-history":[{"count":0,"href":"https:\/\/www.abchukuk.com\/index.php\/wp-json\/wp\/v2\/posts\/42712\/revisions"}],"wp:featuredmedia":[{"embeddable":true,"href":"https:\/\/www.abchukuk.com\/index.php\/wp-json\/wp\/v2\/media\/42713"}],"wp:attachment":[{"href":"https:\/\/www.abchukuk.com\/index.php\/wp-json\/wp\/v2\/media?parent=42712"}],"wp:term":[{"taxonomy":"category","embeddable":true,"href":"https:\/\/www.abchukuk.com\/index.php\/wp-json\/wp\/v2\/categories?post=42712"},{"taxonomy":"post_tag","embeddable":true,"href":"https:\/\/www.abchukuk.com\/index.php\/wp-json\/wp\/v2\/tags?post=42712"}],"curies":[{"name":"wp","href":"https:\/\/api.w.org\/{rel}","templated":true}]}}