{"id":42708,"date":"2026-09-06T16:49:47","date_gmt":"2026-09-06T16:49:47","guid":{"rendered":"https:\/\/www.abchukuk.com\/index.php\/2026\/09\/06\/tugba-ekincinin-de-aralarinda-bulundugu-5-kisiye-gozalti\/"},"modified":"2026-09-06T16:49:47","modified_gmt":"2026-09-06T16:49:47","slug":"tugba-ekincinin-de-aralarinda-bulundugu-5-kisiye-gozalti","status":"publish","type":"post","link":"https:\/\/www.abchukuk.com\/index.php\/2026\/09\/06\/tugba-ekincinin-de-aralarinda-bulundugu-5-kisiye-gozalti\/","title":{"rendered":"Tu\u011fba Ekinci\u2019nin de aralar\u0131nda bulundu\u011fu 5 ki\u015fiye g\u00f6zalt\u0131"},"content":{"rendered":"<p>Ankara Emniyet M\u00fcd\u00fcrl\u00fc\u011f\u00fc taraf\u0131ndan sosyal medya platformlar\u0131 \u00fczerinden m\u00fcstehcenlik su\u00e7unu i\u015fleyen 7 \u015f\u00fcpheliye y\u00f6nelik 5 ilde e\u015f zamanl\u0131 operasyon d\u00fczenlendi. \u015eark\u0131c\u0131 Tu\u011fba Ekinci\u2019nin de aralar\u0131nda bulundu\u011fu 5 ki\u015fi g\u00f6zalt\u0131na al\u0131nd\u0131.Ankara Emniyet M\u00fcd\u00fcrl\u00fc\u011f\u00fc taraf\u0131ndan sosyal medya platformlar\u0131 \u00fczerinden m\u00fcstehcenlik su\u00e7unu i\u015fleyen 7 \u015f\u00fcpheliye y\u00f6nelik 5 ilde e\u015f zamanl\u0131 operasyon d\u00fczenlendi. \u015eark\u0131c\u0131 Tu\u011fba Ekinci\u2019nin de aralar\u0131nda bulundu\u011fu 5 ki\u015fi g\u00f6zalt\u0131na al\u0131nd\u0131.\u00a0<a href=\"https:\/\/www.haberturk.com\/gundem\/tugba-ekincinin-de-aralarinda-bulundugu-5-kisiye-gozalti-3910669\" target=\"_blank\" class=\"feedzy-rss-link-icon\">Read More<\/a><\/p>","protected":false},"excerpt":{"rendered":"<p>Ankara Emniyet M\u00fcd\u00fcrl\u00fc\u011f\u00fc taraf\u0131ndan sosyal medya platformlar\u0131 \u00fczerinden m\u00fcstehcenlik su\u00e7unu i\u015fleyen 7 \u015f\u00fcpheliye y\u00f6nelik 5 ilde e\u015f zamanl\u0131 operasyon d\u00fczenlendi. \u015eark\u0131c\u0131 Tu\u011fba Ekinci\u2019nin de aralar\u0131nda bulundu\u011fu 5 ki\u015fi g\u00f6zalt\u0131na al\u0131nd\u0131.Ankara Emniyet M\u00fcd\u00fcrl\u00fc\u011f\u00fc taraf\u0131ndan sosyal medya platformlar\u0131 \u00fczerinden m\u00fcstehcenlik su\u00e7unu i\u015fleyen 7 \u015f\u00fcpheliye y\u00f6nelik 5 ilde e\u015f zamanl\u0131 operasyon d\u00fczenlendi. \u015eark\u0131c\u0131 Tu\u011fba Ekinci\u2019nin de aralar\u0131nda bulundu\u011fu [&hellip;]<\/p>\n","protected":false},"author":1,"featured_media":0,"comment_status":"open","ping_status":"open","sticky":false,"template":"","format":"standard","meta":{"footnotes":"","_links_to":"","_links_to_target":""},"categories":[1],"tags":[],"class_list":["post-42708","post","type-post","status-publish","format-standard","hentry","category-haberler"],"_links":{"self":[{"href":"https:\/\/www.abchukuk.com\/index.php\/wp-json\/wp\/v2\/posts\/42708","targetHints":{"allow":["GET"]}}],"collection":[{"href":"https:\/\/www.abchukuk.com\/index.php\/wp-json\/wp\/v2\/posts"}],"about":[{"href":"https:\/\/www.abchukuk.com\/index.php\/wp-json\/wp\/v2\/types\/post"}],"author":[{"embeddable":true,"href":"https:\/\/www.abchukuk.com\/index.php\/wp-json\/wp\/v2\/users\/1"}],"replies":[{"embeddable":true,"href":"https:\/\/www.abchukuk.com\/index.php\/wp-json\/wp\/v2\/comments?post=42708"}],"version-history":[{"count":0,"href":"https:\/\/www.abchukuk.com\/index.php\/wp-json\/wp\/v2\/posts\/42708\/revisions"}],"wp:attachment":[{"href":"https:\/\/www.abchukuk.com\/index.php\/wp-json\/wp\/v2\/media?parent=42708"}],"wp:term":[{"taxonomy":"category","embeddable":true,"href":"https:\/\/www.abchukuk.com\/index.php\/wp-json\/wp\/v2\/categories?post=42708"},{"taxonomy":"post_tag","embeddable":true,"href":"https:\/\/www.abchukuk.com\/index.php\/wp-json\/wp\/v2\/tags?post=42708"}],"curies":[{"name":"wp","href":"https:\/\/api.w.org\/{rel}","templated":true}]}}