{"id":42707,"date":"2026-09-06T17:39:46","date_gmt":"2026-09-06T17:39:46","guid":{"rendered":"https:\/\/www.abchukuk.com\/index.php\/2026\/09\/06\/hakim-ve-savci-yardimcilari-icin-yeni-donem-egitim-14-eylulde-basliyor\/"},"modified":"2026-09-06T17:39:46","modified_gmt":"2026-09-06T17:39:46","slug":"hakim-ve-savci-yardimcilari-icin-yeni-donem-egitim-14-eylulde-basliyor","status":"publish","type":"post","link":"https:\/\/www.abchukuk.com\/index.php\/2026\/09\/06\/hakim-ve-savci-yardimcilari-icin-yeni-donem-egitim-14-eylulde-basliyor\/","title":{"rendered":"H\u00e2kim ve savc\u0131 yard\u0131mc\u0131lar\u0131 i\u00e7in yeni d\u00f6nem: E\u011fitim 14 Eyl\u00fcl\u2019de ba\u015fl\u0131yor"},"content":{"rendered":"<p><strong>SON.TV\/ANKARA<\/strong><\/p>\n<p>Adalet Bakanl\u0131\u011f\u0131, 3. d\u00f6nem h\u00e2kim ve savc\u0131 yard\u0131mc\u0131lar\u0131n\u0131n g\u00f6reve ba\u015flay\u0131\u015f ve e\u011fitim takvimini belirledi. Atamalar\u0131 tamamlanan h\u00e2kim ve savc\u0131 yard\u0131mc\u0131lar\u0131 i\u00e7in ilk durak Ankara olacak.<\/p>\n<p>Adli ve idari yarg\u0131da g\u00f6reve ba\u015flayacak h\u00e2kim ve savc\u0131 yard\u0131mc\u0131lar\u0131n\u0131n i\u015flemleri 10-11 Eyl\u00fcl 2026 tarihlerinde ger\u00e7ekle\u015ftirilecek. Temel e\u011fitim d\u00f6nemi ise 14 Eyl\u00fcl\u2019de ba\u015flayacak.<\/p>\n<p><strong>ATAMA \u0130\u015eLEMLER\u0130 TAMAMLANDI<\/strong><\/p>\n<ol start=\"3\">\n<li>d\u00f6nem adli yarg\u0131 h\u00e2kim ve savc\u0131 yard\u0131mc\u0131lar\u0131 ile idari yarg\u0131 h\u00e2kim yard\u0131mc\u0131lar\u0131n\u0131n atama i\u015flemleri tamamland\u0131.<\/li>\n<\/ol>\n<p>Ayr\u0131ca 2. d\u00f6nem adli yarg\u0131 h\u00e2kim ve savc\u0131 yard\u0131mc\u0131l\u0131\u011f\u0131na atanmaya hak kazand\u0131klar\u0131 halde askerlik g\u00f6revleri nedeniyle d\u00f6nemleriyle birlikte atamalar\u0131 yap\u0131lamayanlar da yeni s\u00fcre\u00e7 kapsam\u0131nda yer ald\u0131.<\/p>\n<p>21-22 Aral\u0131k 2024 tarihlerinde yap\u0131lan yaz\u0131l\u0131 yar\u0131\u015fma s\u0131nav\u0131nda bir sorunun iptal edilmesinin ard\u0131ndan ger\u00e7ekle\u015ftirilen yeniden de\u011ferlendirme ve Bakanl\u0131k m\u00fclakatlar\u0131nda ba\u015far\u0131l\u0131 olarak atanmaya hak kazananlar da g\u00f6reve ba\u015flayacak gruba dahil edildi.<\/p>\n<p><strong>ADL\u0130 YARGIDA BA\u015eLAYI\u015e ANKARA ADL\u0130YES\u0130NDE<\/strong><\/p>\n<p>Adli yarg\u0131 h\u00e2kim ve savc\u0131 yard\u0131mc\u0131lar\u0131, 10-11 Eyl\u00fcl tarihlerinde kendileri i\u00e7in belirlenen g\u00fcn ve saatte Ankara Adliyesinde haz\u0131r bulunacak.<\/p>\n<p>Her h\u00e2kim ve savc\u0131 yard\u0131mc\u0131s\u0131n\u0131n ba\u015flay\u0131\u015f g\u00fcn\u00fc ve saati Bakanl\u0131\u011f\u0131n sorgulama ekran\u0131nda ayr\u0131 ayr\u0131 bildirildi.<\/p>\n<p><strong>\u0130DAR\u0130 YARGI \u0130\u00c7\u0130N ADRES ANKARA B\u00d6LGE \u0130DARE MAHKEMES\u0130<\/strong><\/p>\n<p>\u0130dari yarg\u0131 h\u00e2kim yard\u0131mc\u0131lar\u0131n\u0131n ba\u015flay\u0131\u015f i\u015flemleri ise yine 10-11 Eyl\u00fcl tarihlerinde Ankara B\u00f6lge \u0130dare Mahkemesinde ger\u00e7ekle\u015ftirilecek.<\/p>\n<p>\u0130lgililer, kendilerine bildirilen tarih ve saat aral\u0131\u011f\u0131nda g\u00f6reve ba\u015flay\u0131\u015f i\u015flemlerini tamamlayacak.<\/p>\n<p><strong>TEMEL E\u011e\u0130T\u0130M 14 EYL\u00dcL\u2019DE BA\u015eLAYACAK<\/strong><\/p>\n<p>G\u00f6reve ba\u015flay\u0131\u015f i\u015flemlerinin ard\u0131ndan h\u00e2kim ve savc\u0131 yard\u0131mc\u0131lar\u0131 T\u00fcrkiye Adalet Akademisine ge\u00e7ecek.<\/p>\n<p>2802 say\u0131l\u0131 H\u00e2kimler ve Savc\u0131lar Kanunu kapsam\u0131nda atanmalar\u0131n\u0131n ard\u0131ndan temel e\u011fitime al\u0131nacak h\u00e2kim ve savc\u0131 yard\u0131mc\u0131lar\u0131, 14 Eyl\u00fcl 2026 tarihinden itibaren T\u00fcrkiye Adalet Akademisi Ba\u015fkanl\u0131\u011f\u0131nda g\u00f6revlendirilecek.<\/p>\n<p><strong>ANKARA DI\u015eINDA \u0130KAMET EDENLERE KOLAYLIK<\/strong><\/p>\n<p>Bakanl\u0131\u011f\u0131n duyurusunda Ankara d\u0131\u015f\u0131nda ya\u015fayan h\u00e2kim ve savc\u0131 yard\u0131mc\u0131lar\u0131na ili\u015fkin de a\u00e7\u0131klama yap\u0131ld\u0131.<\/p>\n<p>Buna g\u00f6re Ankara d\u0131\u015f\u0131nda ikamet edenler, kendilerine g\u00f6nderilen tebligat\u0131 bulundu\u011fu yerdeki adliyeden almadan do\u011frudan Ankara Adliyesine veya Ankara B\u00f6lge \u0130dare Mahkemesine giderek ba\u015flay\u0131\u015f i\u015flemlerini yapabilecek.<\/p>\n<p><strong>YANLARINDA BULUNDURMALARI GEREKEN BELGELER<\/strong><\/p>\n<p>Ba\u015fka kamu kurum ve kurulu\u015flar\u0131ndan naklen atanan h\u00e2kim ve savc\u0131 yard\u0131mc\u0131lar\u0131n\u0131n Personel Nakil Bildirim Formunu beraberlerinde getirmeleri gerekiyor.<\/p>\n<p>Banka hesab\u0131 a\u00e7ma i\u015flemleri i\u00e7in de bir adet kimlik fotokopisi isteniyor.<\/p>\n<p><strong>ET\u0130KETLER: #AdaletBakanl\u0131\u011f\u0131 #H\u00e2kim #Savc\u0131 #H\u00e2kimVeSavc\u0131Yard\u0131mc\u0131l\u0131\u011f\u0131 #T\u00fcrkiyeAdaletAkademisi #AnkaraAdliyesi #Yarg\u0131 #SonTV<\/strong><\/p>\n<p>3. d\u00f6nem adli yarg\u0131 h\u00e2kim ve savc\u0131 yard\u0131mc\u0131lar\u0131 ile idari yarg\u0131 h\u00e2kim yard\u0131mc\u0131lar\u0131n\u0131n atama i\u015flemleri tamamland\u0131. Yeni d\u00f6nemde g\u00f6reve ba\u015flayacak h\u00e2kim ve savc\u0131 yard\u0131mc\u0131lar\u0131 10-11 Eyl\u00fcl\u2019de Ankara\u2019da ba\u015flay\u0131\u015f i\u015flemlerini yapacak, ard\u0131ndan 14 Eyl\u00fcl\u2019de T\u00fcrkiye Adalet Akademisindeki temel e\u011fitime ge\u00e7ecek.\u00a0<a href=\"https:\/\/www.son.tv\/hakim-ve-savci-yardimcilari-icin-yeni-donem-egitim-14-eylulde-basliyor\/\" target=\"_blank\" class=\"feedzy-rss-link-icon\">Read More<\/a><\/p>","protected":false},"excerpt":{"rendered":"<p>SON.TV\/ANKARA Adalet Bakanl\u0131\u011f\u0131, 3. d\u00f6nem h\u00e2kim ve savc\u0131 yard\u0131mc\u0131lar\u0131n\u0131n g\u00f6reve ba\u015flay\u0131\u015f ve e\u011fitim takvimini belirledi. Atamalar\u0131 tamamlanan h\u00e2kim ve savc\u0131 yard\u0131mc\u0131lar\u0131 i\u00e7in ilk durak Ankara olacak. Adli ve idari yarg\u0131da g\u00f6reve ba\u015flayacak h\u00e2kim ve savc\u0131 yard\u0131mc\u0131lar\u0131n\u0131n i\u015flemleri 10-11 Eyl\u00fcl 2026 tarihlerinde ger\u00e7ekle\u015ftirilecek. Temel e\u011fitim d\u00f6nemi ise 14 Eyl\u00fcl\u2019de ba\u015flayacak. ATAMA \u0130\u015eLEMLER\u0130 TAMAMLANDI d\u00f6nem adli yarg\u0131 [&hellip;]<\/p>\n","protected":false},"author":1,"featured_media":0,"comment_status":"open","ping_status":"open","sticky":false,"template":"","format":"standard","meta":{"footnotes":"","_links_to":"","_links_to_target":""},"categories":[1],"tags":[],"class_list":["post-42707","post","type-post","status-publish","format-standard","hentry","category-haberler"],"_links":{"self":[{"href":"https:\/\/www.abchukuk.com\/index.php\/wp-json\/wp\/v2\/posts\/42707","targetHints":{"allow":["GET"]}}],"collection":[{"href":"https:\/\/www.abchukuk.com\/index.php\/wp-json\/wp\/v2\/posts"}],"about":[{"href":"https:\/\/www.abchukuk.com\/index.php\/wp-json\/wp\/v2\/types\/post"}],"author":[{"embeddable":true,"href":"https:\/\/www.abchukuk.com\/index.php\/wp-json\/wp\/v2\/users\/1"}],"replies":[{"embeddable":true,"href":"https:\/\/www.abchukuk.com\/index.php\/wp-json\/wp\/v2\/comments?post=42707"}],"version-history":[{"count":0,"href":"https:\/\/www.abchukuk.com\/index.php\/wp-json\/wp\/v2\/posts\/42707\/revisions"}],"wp:attachment":[{"href":"https:\/\/www.abchukuk.com\/index.php\/wp-json\/wp\/v2\/media?parent=42707"}],"wp:term":[{"taxonomy":"category","embeddable":true,"href":"https:\/\/www.abchukuk.com\/index.php\/wp-json\/wp\/v2\/categories?post=42707"},{"taxonomy":"post_tag","embeddable":true,"href":"https:\/\/www.abchukuk.com\/index.php\/wp-json\/wp\/v2\/tags?post=42707"}],"curies":[{"name":"wp","href":"https:\/\/api.w.org\/{rel}","templated":true}]}}