{"id":42704,"date":"2026-09-06T14:04:00","date_gmt":"2026-09-06T14:04:00","guid":{"rendered":"https:\/\/www.abchukuk.com\/index.php\/2026\/09\/06\/ankaradaki-uyusturucu-ve-fuhus-sorusturmasinda-3-dalga-operasyon-gozalti-sayisi-17ye-yukseldi\/"},"modified":"2026-09-06T14:04:00","modified_gmt":"2026-09-06T14:04:00","slug":"ankaradaki-uyusturucu-ve-fuhus-sorusturmasinda-3-dalga-operasyon-gozalti-sayisi-17ye-yukseldi","status":"publish","type":"post","link":"https:\/\/www.abchukuk.com\/index.php\/2026\/09\/06\/ankaradaki-uyusturucu-ve-fuhus-sorusturmasinda-3-dalga-operasyon-gozalti-sayisi-17ye-yukseldi\/","title":{"rendered":"Ankara&#8217;daki uyu\u015fturucu ve fuhu\u015f soru\u015fturmas\u0131nda 3. dalga operasyon: G\u00f6zalt\u0131 say\u0131s\u0131 17&#8217;ye y\u00fckseldi!"},"content":{"rendered":"<p>Ankara Cumhuriyet Ba\u015fsavc\u0131l\u0131\u011f\u0131&#8217;n\u0131n y\u00fcr\u00fctt\u00fc\u011f\u00fc uyu\u015fturucu ve fuhu\u015f soru\u015fturmas\u0131nda \u00fc\u00e7\u00fcnc\u00fc dalga operasyonda g\u00f6zalt\u0131 say\u0131s\u0131 17&#8217;ye y\u00fckseldi.Ankara Cumhuriyet Ba\u015fsavc\u0131l\u0131\u011f\u0131&#8217;n\u0131n y\u00fcr\u00fctt\u00fc\u011f\u00fc uyu\u015fturucu ve fuhu\u015f soru\u015fturmas\u0131nda \u00fc\u00e7\u00fcnc\u00fc dalga operasyonda g\u00f6zalt\u0131 say\u0131s\u0131 17&#8217;ye y\u00fckseldi.\u00a0<a href=\"https:\/\/www.cumhuriyet.com.tr\/turkiye\/ankara-daki-uyusturucu-ve-fuhus-sorusturmasinda-3-dalga-operasyon-gozalti-sayisi-17-ye-yukseldi-2535390\" target=\"_blank\" class=\"feedzy-rss-link-icon\">Read More<\/a><\/p>","protected":false},"excerpt":{"rendered":"<p>Ankara Cumhuriyet Ba\u015fsavc\u0131l\u0131\u011f\u0131&#8217;n\u0131n y\u00fcr\u00fctt\u00fc\u011f\u00fc uyu\u015fturucu ve fuhu\u015f soru\u015fturmas\u0131nda \u00fc\u00e7\u00fcnc\u00fc dalga operasyonda g\u00f6zalt\u0131 say\u0131s\u0131 17&#8217;ye y\u00fckseldi.Ankara Cumhuriyet Ba\u015fsavc\u0131l\u0131\u011f\u0131&#8217;n\u0131n y\u00fcr\u00fctt\u00fc\u011f\u00fc uyu\u015fturucu ve fuhu\u015f soru\u015fturmas\u0131nda \u00fc\u00e7\u00fcnc\u00fc dalga operasyonda g\u00f6zalt\u0131 say\u0131s\u0131 17&#8217;ye y\u00fckseldi.\u00a0Read More<\/p>\n","protected":false},"author":1,"featured_media":42705,"comment_status":"open","ping_status":"open","sticky":false,"template":"","format":"standard","meta":{"footnotes":"","_links_to":"","_links_to_target":""},"categories":[1],"tags":[],"class_list":["post-42704","post","type-post","status-publish","format-standard","has-post-thumbnail","hentry","category-haberler"],"_links":{"self":[{"href":"https:\/\/www.abchukuk.com\/index.php\/wp-json\/wp\/v2\/posts\/42704","targetHints":{"allow":["GET"]}}],"collection":[{"href":"https:\/\/www.abchukuk.com\/index.php\/wp-json\/wp\/v2\/posts"}],"about":[{"href":"https:\/\/www.abchukuk.com\/index.php\/wp-json\/wp\/v2\/types\/post"}],"author":[{"embeddable":true,"href":"https:\/\/www.abchukuk.com\/index.php\/wp-json\/wp\/v2\/users\/1"}],"replies":[{"embeddable":true,"href":"https:\/\/www.abchukuk.com\/index.php\/wp-json\/wp\/v2\/comments?post=42704"}],"version-history":[{"count":0,"href":"https:\/\/www.abchukuk.com\/index.php\/wp-json\/wp\/v2\/posts\/42704\/revisions"}],"wp:featuredmedia":[{"embeddable":true,"href":"https:\/\/www.abchukuk.com\/index.php\/wp-json\/wp\/v2\/media\/42705"}],"wp:attachment":[{"href":"https:\/\/www.abchukuk.com\/index.php\/wp-json\/wp\/v2\/media?parent=42704"}],"wp:term":[{"taxonomy":"category","embeddable":true,"href":"https:\/\/www.abchukuk.com\/index.php\/wp-json\/wp\/v2\/categories?post=42704"},{"taxonomy":"post_tag","embeddable":true,"href":"https:\/\/www.abchukuk.com\/index.php\/wp-json\/wp\/v2\/tags?post=42704"}],"curies":[{"name":"wp","href":"https:\/\/api.w.org\/{rel}","templated":true}]}}