{"id":42702,"date":"2026-09-06T14:44:24","date_gmt":"2026-09-06T14:44:24","guid":{"rendered":"https:\/\/www.abchukuk.com\/index.php\/2026\/09\/06\/ankarada-uyusturucu-ve-fuhus-sorusturmasinda-3-dalga-17-gozalti-var-4-firari-araniyor\/"},"modified":"2026-09-06T14:44:24","modified_gmt":"2026-09-06T14:44:24","slug":"ankarada-uyusturucu-ve-fuhus-sorusturmasinda-3-dalga-17-gozalti-var-4-firari-araniyor","status":"publish","type":"post","link":"https:\/\/www.abchukuk.com\/index.php\/2026\/09\/06\/ankarada-uyusturucu-ve-fuhus-sorusturmasinda-3-dalga-17-gozalti-var-4-firari-araniyor\/","title":{"rendered":"Ankara\u2019da uyu\u015fturucu ve fuhu\u015f soru\u015fturmas\u0131nda 3. dalga: 17 g\u00f6zalt\u0131 var! 4 firari aran\u0131yor!"},"content":{"rendered":"<p><strong>SON.TV\/ANKARA<\/strong><\/p>\n<p><strong>Ankara Cumhuriyet Ba\u015fsavc\u0131l\u0131\u011f\u0131<\/strong> taraf\u0131ndan y\u00fcr\u00fct\u00fclen uyu\u015fturucu ve fuhu\u015f soru\u015fturmas\u0131nda 3. dalga operasyona ili\u015fkin yeni geli\u015fmeler ya\u015fand\u0131.<\/p>\n<p>Soru\u015fturma kapsam\u0131nda d\u00fczenlenen son operasyonda g\u00f6zalt\u0131na al\u0131nan \u015f\u00fcpheli say\u0131s\u0131 17\u2019ye y\u00fckseldi.<\/p>\n<p><strong>\u0130K\u0130 \u015e\u00dcPHEL\u0130 EMN\u0130YETE TESL\u0130M OLDU<\/strong><\/p>\n<p>Firari olarak aranan <strong>Sabri Berkan Baykam<\/strong> ile <strong>Murat<\/strong> <strong>\u00c7\u0131nar<\/strong>\u2019\u0131n emniyete teslim oldu\u011fu \u00f6\u011frenildi.<\/p>\n<p>\u0130ki \u015f\u00fcphelinin teslim olmas\u0131yla 3. dalga operasyon kapsam\u0131nda aranan firari say\u0131s\u0131 4\u2019e d\u00fc\u015ft\u00fc.<\/p>\n<p><strong>4 F\u0130RAR\u0130 \u0130\u00c7\u0130N YAKALAMA \u00c7ALI\u015eMASI<\/strong><\/p>\n<p>Soru\u015fturma kapsam\u0131nda firari durumda bulunan Bar\u0131\u015f G\u00f6kmen, Cansu Sar\u0131, Mehmet Ali Kardam ve Muharrem Divlek\u2019in yakalanmas\u0131na y\u00f6nelik \u00e7al\u0131\u015fmalar s\u00fcr\u00fcyor.<\/p>\n<p>Emniyet birimlerinin \u015f\u00fcphelilerin bulunabilece\u011fi adresler ve ba\u011flant\u0131lar\u0131 \u00fczerindeki \u00e7al\u0131\u015fmalar\u0131n\u0131 devam ettirdi\u011fi \u00f6\u011frenildi.<\/p>\n<p><strong>\u00dc\u00c7 DALGADA TOPLAM 8 F\u0130RAR\u0130<\/strong><\/p>\n<p>Soru\u015fturma kapsam\u0131nda 7 A\u011fustos\u2019tan itibaren \u00fc\u00e7 ayr\u0131 dalga operasyon ger\u00e7ekle\u015ftirildi.<\/p>\n<p>\u00dc\u00e7 operasyon birlikte de\u011ferlendirildi\u011finde halen toplam 8 firari \u015f\u00fcphelinin arand\u0131\u011f\u0131 bildirildi.<\/p>\n<p><strong>MALVARLIKLARINA TEDB\u0130R G\u00dcNDEMDE<\/strong><\/p>\n<p>Adli kaynaklardan edinilen bilgiye g\u00f6re Ankara Cumhuriyet Ba\u015fsavc\u0131l\u0131\u011f\u0131, firari \u015f\u00fcphelilere y\u00f6nelik soru\u015fturmay\u0131 yaln\u0131zca yakalama i\u015flemleriyle s\u0131n\u0131rl\u0131 tutmuyor.<\/p>\n<p>Firari \u015f\u00fcphelilerin malvarl\u0131klar\u0131na tedbir konulmas\u0131 se\u00e7ene\u011finin de de\u011ferlendirildi\u011fi \u00f6\u011frenildi.<\/p>\n<p>Soru\u015fturma kapsam\u0131nda g\u00f6zalt\u0131na al\u0131nan \u015f\u00fcphelilere y\u00f6nelik adli i\u015flemler s\u00fcrerken, firarilerin yakalanmas\u0131na ili\u015fkin \u00e7al\u0131\u015fmalar\u0131n devam etti\u011fi bildirildi.<\/p>\n<p><strong>ET\u0130KETLER: #Ankara #Uyu\u015fturucu #Fuhu\u015f #Operasyon #AnkaraCumhuriyetBa\u015fsavc\u0131l\u0131\u011f\u0131 #SonTV<\/strong><\/p>\n<p>Ankara Cumhuriyet Ba\u015fsavc\u0131l\u0131\u011f\u0131nca y\u00fcr\u00fct\u00fclen uyu\u015fturucu ve fuhu\u015f soru\u015fturmas\u0131nda 3. dalga operasyon s\u00fcr\u00fcyor. G\u00f6zalt\u0131 say\u0131s\u0131 17\u2019ye y\u00fckselirken, iki \u015f\u00fcphelinin emniyete teslim olmas\u0131yla bu dalgada aranan firari say\u0131s\u0131 4\u2019e d\u00fc\u015ft\u00fc. \u00dc\u00e7 dalga operasyon kapsam\u0131nda ise toplam 8 firari \u015f\u00fcphelinin yakalanmas\u0131na y\u00f6nelik \u00e7al\u0131\u015fmalar devam ediyor.\u00a0<a href=\"https:\/\/www.son.tv\/ankarada-uyusturucu-ve-fuhus-sorusturmasinda-3-dalga-17-gozalti-var-4-firari-araniyor\/\" target=\"_blank\" class=\"feedzy-rss-link-icon\">Read More<\/a><\/p>","protected":false},"excerpt":{"rendered":"<p>SON.TV\/ANKARA Ankara Cumhuriyet Ba\u015fsavc\u0131l\u0131\u011f\u0131 taraf\u0131ndan y\u00fcr\u00fct\u00fclen uyu\u015fturucu ve fuhu\u015f soru\u015fturmas\u0131nda 3. dalga operasyona ili\u015fkin yeni geli\u015fmeler ya\u015fand\u0131. Soru\u015fturma kapsam\u0131nda d\u00fczenlenen son operasyonda g\u00f6zalt\u0131na al\u0131nan \u015f\u00fcpheli say\u0131s\u0131 17\u2019ye y\u00fckseldi. \u0130K\u0130 \u015e\u00dcPHEL\u0130 EMN\u0130YETE TESL\u0130M OLDU Firari olarak aranan Sabri Berkan Baykam ile Murat \u00c7\u0131nar\u2019\u0131n emniyete teslim oldu\u011fu \u00f6\u011frenildi. \u0130ki \u015f\u00fcphelinin teslim olmas\u0131yla 3. dalga operasyon kapsam\u0131nda aranan [&hellip;]<\/p>\n","protected":false},"author":1,"featured_media":0,"comment_status":"open","ping_status":"open","sticky":false,"template":"","format":"standard","meta":{"footnotes":"","_links_to":"","_links_to_target":""},"categories":[1],"tags":[],"class_list":["post-42702","post","type-post","status-publish","format-standard","hentry","category-haberler"],"_links":{"self":[{"href":"https:\/\/www.abchukuk.com\/index.php\/wp-json\/wp\/v2\/posts\/42702","targetHints":{"allow":["GET"]}}],"collection":[{"href":"https:\/\/www.abchukuk.com\/index.php\/wp-json\/wp\/v2\/posts"}],"about":[{"href":"https:\/\/www.abchukuk.com\/index.php\/wp-json\/wp\/v2\/types\/post"}],"author":[{"embeddable":true,"href":"https:\/\/www.abchukuk.com\/index.php\/wp-json\/wp\/v2\/users\/1"}],"replies":[{"embeddable":true,"href":"https:\/\/www.abchukuk.com\/index.php\/wp-json\/wp\/v2\/comments?post=42702"}],"version-history":[{"count":0,"href":"https:\/\/www.abchukuk.com\/index.php\/wp-json\/wp\/v2\/posts\/42702\/revisions"}],"wp:attachment":[{"href":"https:\/\/www.abchukuk.com\/index.php\/wp-json\/wp\/v2\/media?parent=42702"}],"wp:term":[{"taxonomy":"category","embeddable":true,"href":"https:\/\/www.abchukuk.com\/index.php\/wp-json\/wp\/v2\/categories?post=42702"},{"taxonomy":"post_tag","embeddable":true,"href":"https:\/\/www.abchukuk.com\/index.php\/wp-json\/wp\/v2\/tags?post=42702"}],"curies":[{"name":"wp","href":"https:\/\/api.w.org\/{rel}","templated":true}]}}