{"id":42701,"date":"2026-09-06T15:22:32","date_gmt":"2026-09-06T15:22:32","guid":{"rendered":"https:\/\/www.abchukuk.com\/index.php\/2026\/09\/06\/adalet-bakani-gurlekten-2027-2029-ovp-paylasimi\/"},"modified":"2026-09-06T15:22:32","modified_gmt":"2026-09-06T15:22:32","slug":"adalet-bakani-gurlekten-2027-2029-ovp-paylasimi","status":"publish","type":"post","link":"https:\/\/www.abchukuk.com\/index.php\/2026\/09\/06\/adalet-bakani-gurlekten-2027-2029-ovp-paylasimi\/","title":{"rendered":"Adalet Bakan\u0131 G\u00fcrlek&#8217;ten 2027\u20132029 OVP payla\u015f\u0131m\u0131"},"content":{"rendered":"<p>Adalet Bakan\u0131 Ak\u0131n G\u00fcrlek, &#8220;Vatanda\u015flar\u0131m\u0131z\u0131n adalete daha h\u0131zl\u0131 ve etkin \u015fekilde eri\u015febildi\u011fi, uyu\u015fmazl\u0131klar\u0131n makul s\u00fcrede \u00e7\u00f6z\u00fcme kavu\u015ftu\u011fu, daha fazla g\u00fcven veren ve daha \u00f6ng\u00f6r\u00fclebilir bir adalet sistemi i\u00e7in \u00e7al\u0131\u015fmalar\u0131m\u0131za aral\u0131ks\u0131z devam edece\u011fiz.&#8221; ifadesini kulland\u0131.Adalet Bakan\u0131 Ak\u0131n G\u00fcrlek, &#8220;Vatanda\u015flar\u0131m\u0131z\u0131n adalete daha h\u0131zl\u0131 ve etkin \u015fekilde eri\u015febildi\u011fi, uyu\u015fmazl\u0131klar\u0131n makul s\u00fcrede \u00e7\u00f6z\u00fcme kavu\u015ftu\u011fu, daha fazla g\u00fcven veren ve daha \u00f6ng\u00f6r\u00fclebilir bir adalet sistemi i\u00e7in \u00e7al\u0131\u015fmalar\u0131m\u0131za aral\u0131ks\u0131z devam edece\u011fiz.&#8221; ifadesini kulland\u0131.\u00a0<a href=\"https:\/\/www.haberturk.com\/gundem\/adalet-bakani-gurlek-ten-20272029-ovp-paylasimi-3910658\" target=\"_blank\" class=\"feedzy-rss-link-icon\">Read More<\/a><\/p>","protected":false},"excerpt":{"rendered":"<p>Adalet Bakan\u0131 Ak\u0131n G\u00fcrlek, &#8220;Vatanda\u015flar\u0131m\u0131z\u0131n adalete daha h\u0131zl\u0131 ve etkin \u015fekilde eri\u015febildi\u011fi, uyu\u015fmazl\u0131klar\u0131n makul s\u00fcrede \u00e7\u00f6z\u00fcme kavu\u015ftu\u011fu, daha fazla g\u00fcven veren ve daha \u00f6ng\u00f6r\u00fclebilir bir adalet sistemi i\u00e7in \u00e7al\u0131\u015fmalar\u0131m\u0131za aral\u0131ks\u0131z devam edece\u011fiz.&#8221; ifadesini kulland\u0131.Adalet Bakan\u0131 Ak\u0131n G\u00fcrlek, &#8220;Vatanda\u015flar\u0131m\u0131z\u0131n adalete daha h\u0131zl\u0131 ve etkin \u015fekilde eri\u015febildi\u011fi, uyu\u015fmazl\u0131klar\u0131n makul s\u00fcrede \u00e7\u00f6z\u00fcme kavu\u015ftu\u011fu, daha fazla g\u00fcven veren ve [&hellip;]<\/p>\n","protected":false},"author":1,"featured_media":0,"comment_status":"open","ping_status":"open","sticky":false,"template":"","format":"standard","meta":{"footnotes":"","_links_to":"","_links_to_target":""},"categories":[1],"tags":[],"class_list":["post-42701","post","type-post","status-publish","format-standard","hentry","category-haberler"],"_links":{"self":[{"href":"https:\/\/www.abchukuk.com\/index.php\/wp-json\/wp\/v2\/posts\/42701","targetHints":{"allow":["GET"]}}],"collection":[{"href":"https:\/\/www.abchukuk.com\/index.php\/wp-json\/wp\/v2\/posts"}],"about":[{"href":"https:\/\/www.abchukuk.com\/index.php\/wp-json\/wp\/v2\/types\/post"}],"author":[{"embeddable":true,"href":"https:\/\/www.abchukuk.com\/index.php\/wp-json\/wp\/v2\/users\/1"}],"replies":[{"embeddable":true,"href":"https:\/\/www.abchukuk.com\/index.php\/wp-json\/wp\/v2\/comments?post=42701"}],"version-history":[{"count":0,"href":"https:\/\/www.abchukuk.com\/index.php\/wp-json\/wp\/v2\/posts\/42701\/revisions"}],"wp:attachment":[{"href":"https:\/\/www.abchukuk.com\/index.php\/wp-json\/wp\/v2\/media?parent=42701"}],"wp:term":[{"taxonomy":"category","embeddable":true,"href":"https:\/\/www.abchukuk.com\/index.php\/wp-json\/wp\/v2\/categories?post=42701"},{"taxonomy":"post_tag","embeddable":true,"href":"https:\/\/www.abchukuk.com\/index.php\/wp-json\/wp\/v2\/tags?post=42701"}],"curies":[{"name":"wp","href":"https:\/\/api.w.org\/{rel}","templated":true}]}}