{"id":42693,"date":"2026-09-06T12:54:00","date_gmt":"2026-09-06T12:54:00","guid":{"rendered":"https:\/\/www.abchukuk.com\/index.php\/2026\/09\/06\/serbest-birakilmisti-engelli-yurttasa-darp-goruntuleri-ortaya-cikinca-yeniden-gozaltina-alindi\/"},"modified":"2026-09-06T12:54:00","modified_gmt":"2026-09-06T12:54:00","slug":"serbest-birakilmisti-engelli-yurttasa-darp-goruntuleri-ortaya-cikinca-yeniden-gozaltina-alindi","status":"publish","type":"post","link":"https:\/\/www.abchukuk.com\/index.php\/2026\/09\/06\/serbest-birakilmisti-engelli-yurttasa-darp-goruntuleri-ortaya-cikinca-yeniden-gozaltina-alindi\/","title":{"rendered":"Serbest b\u0131rak\u0131lm\u0131\u015ft\u0131: Engelli yurtta\u015fa darp g\u00f6r\u00fcnt\u00fcleri ortaya \u00e7\u0131k\u0131nca yeniden g\u00f6zalt\u0131na al\u0131nd\u0131"},"content":{"rendered":"<p>Adana\u2019n\u0131n Kozan il\u00e7esinde y\u00fczde 45 i\u015fitme ve konu\u015fma engelli Muhammed Sonba\u015f\u2019\u0131 darbetti\u011fi iddia edilen 19 ya\u015f\u0131ndaki C.D., g\u00fcvenlik kameras\u0131 g\u00f6r\u00fcnt\u00fclerinin ortaya \u00e7\u0131kmas\u0131n\u0131n ard\u0131ndan yeniden g\u00f6zalt\u0131na al\u0131nd\u0131. Adliyeye sevk edilen \u015f\u00fcphelinin i\u015flemleri s\u00fcr\u00fcyor.Adana\u2019n\u0131n Kozan il\u00e7esinde y\u00fczde 45 i\u015fitme ve konu\u015fma engelli Muhammed Sonba\u015f\u2019\u0131 darbetti\u011fi iddia edilen 19 ya\u015f\u0131ndaki C.D., g\u00fcvenlik kameras\u0131 g\u00f6r\u00fcnt\u00fclerinin ortaya \u00e7\u0131kmas\u0131n\u0131n ard\u0131ndan yeniden g\u00f6zalt\u0131na al\u0131nd\u0131. Adliyeye sevk edilen \u015f\u00fcphelinin i\u015flemleri s\u00fcr\u00fcyor.\u00a0<a href=\"https:\/\/www.cumhuriyet.com.tr\/turkiye\/serbest-birakilmisti-engelli-yurttasa-darp-goruntuleri-ortaya-cikinca-yeniden-gozaltina-alindi-2535377\" target=\"_blank\" class=\"feedzy-rss-link-icon\">Read More<\/a><\/p>","protected":false},"excerpt":{"rendered":"<p>Adana\u2019n\u0131n Kozan il\u00e7esinde y\u00fczde 45 i\u015fitme ve konu\u015fma engelli Muhammed Sonba\u015f\u2019\u0131 darbetti\u011fi iddia edilen 19 ya\u015f\u0131ndaki C.D., g\u00fcvenlik kameras\u0131 g\u00f6r\u00fcnt\u00fclerinin ortaya \u00e7\u0131kmas\u0131n\u0131n ard\u0131ndan yeniden g\u00f6zalt\u0131na al\u0131nd\u0131. Adliyeye sevk edilen \u015f\u00fcphelinin i\u015flemleri s\u00fcr\u00fcyor.Adana\u2019n\u0131n Kozan il\u00e7esinde y\u00fczde 45 i\u015fitme ve konu\u015fma engelli Muhammed Sonba\u015f\u2019\u0131 darbetti\u011fi iddia edilen 19 ya\u015f\u0131ndaki C.D., g\u00fcvenlik kameras\u0131 g\u00f6r\u00fcnt\u00fclerinin ortaya \u00e7\u0131kmas\u0131n\u0131n ard\u0131ndan yeniden [&hellip;]<\/p>\n","protected":false},"author":1,"featured_media":42694,"comment_status":"open","ping_status":"open","sticky":false,"template":"","format":"standard","meta":{"footnotes":"","_links_to":"","_links_to_target":""},"categories":[1],"tags":[],"class_list":["post-42693","post","type-post","status-publish","format-standard","has-post-thumbnail","hentry","category-haberler"],"_links":{"self":[{"href":"https:\/\/www.abchukuk.com\/index.php\/wp-json\/wp\/v2\/posts\/42693","targetHints":{"allow":["GET"]}}],"collection":[{"href":"https:\/\/www.abchukuk.com\/index.php\/wp-json\/wp\/v2\/posts"}],"about":[{"href":"https:\/\/www.abchukuk.com\/index.php\/wp-json\/wp\/v2\/types\/post"}],"author":[{"embeddable":true,"href":"https:\/\/www.abchukuk.com\/index.php\/wp-json\/wp\/v2\/users\/1"}],"replies":[{"embeddable":true,"href":"https:\/\/www.abchukuk.com\/index.php\/wp-json\/wp\/v2\/comments?post=42693"}],"version-history":[{"count":0,"href":"https:\/\/www.abchukuk.com\/index.php\/wp-json\/wp\/v2\/posts\/42693\/revisions"}],"wp:featuredmedia":[{"embeddable":true,"href":"https:\/\/www.abchukuk.com\/index.php\/wp-json\/wp\/v2\/media\/42694"}],"wp:attachment":[{"href":"https:\/\/www.abchukuk.com\/index.php\/wp-json\/wp\/v2\/media?parent=42693"}],"wp:term":[{"taxonomy":"category","embeddable":true,"href":"https:\/\/www.abchukuk.com\/index.php\/wp-json\/wp\/v2\/categories?post=42693"},{"taxonomy":"post_tag","embeddable":true,"href":"https:\/\/www.abchukuk.com\/index.php\/wp-json\/wp\/v2\/tags?post=42693"}],"curies":[{"name":"wp","href":"https:\/\/api.w.org\/{rel}","templated":true}]}}