{"id":42691,"date":"2026-09-06T13:33:00","date_gmt":"2026-09-06T13:33:00","guid":{"rendered":"https:\/\/www.abchukuk.com\/index.php\/2026\/09\/06\/yeni-partili-sezgin-tanrikulundan-silivri-tepkisi-insan-onuruna-aykiri-bir-yargilama-duzeni-var\/"},"modified":"2026-09-06T13:33:00","modified_gmt":"2026-09-06T13:33:00","slug":"yeni-partili-sezgin-tanrikulundan-silivri-tepkisi-insan-onuruna-aykiri-bir-yargilama-duzeni-var","status":"publish","type":"post","link":"https:\/\/www.abchukuk.com\/index.php\/2026\/09\/06\/yeni-partili-sezgin-tanrikulundan-silivri-tepkisi-insan-onuruna-aykiri-bir-yargilama-duzeni-var\/","title":{"rendered":"YEN\u0130 Partili Sezgin Tanr\u0131kulu&#8217;ndan &#8216;Silivri&#8217; tepkisi: &#8216;\u0130nsan onuruna ayk\u0131r\u0131 bir yarg\u0131lama d\u00fczeni var&#8217;"},"content":{"rendered":"<p>YEN\u0130 Parti Diyarbak\u0131r Milletvekili Sezgin Tanr\u0131kulu, Silivri\u2019deki Marmara Cezaevi Kamp\u00fcs\u00fc\u2019nde tutuklular\u0131n a\u011f\u0131r ko\u015fullarda yarg\u0131land\u0131\u011f\u0131n\u0131 belirterek duru\u015fma s\u00fcrelerini ve nezarethanelerdeki ko\u015fullar\u0131 ele\u015ftirdi. Tanr\u0131kulu, \u201c\u0130nsan bedenini yoran, insan onurunu zedeleyen, insan onuruna ayk\u0131r\u0131 bir yarg\u0131lama bi\u00e7imi olamaz\u201d dedi.YEN\u0130 Parti Diyarbak\u0131r Milletvekili Sezgin Tanr\u0131kulu, Silivri\u2019deki Marmara Cezaevi Kamp\u00fcs\u00fc\u2019nde tutuklular\u0131n a\u011f\u0131r ko\u015fullarda yarg\u0131land\u0131\u011f\u0131n\u0131 belirterek duru\u015fma s\u00fcrelerini ve nezarethanelerdeki ko\u015fullar\u0131 ele\u015ftirdi. Tanr\u0131kulu, \u201c\u0130nsan bedenini yoran, insan onurunu zedeleyen, insan onuruna ayk\u0131r\u0131 bir yarg\u0131lama bi\u00e7imi olamaz\u201d dedi.\u00a0<a href=\"https:\/\/www.cumhuriyet.com.tr\/turkiye\/yeni-partili-sezgin-tanrikulu-ndan-silivri-tepkisi-insan-onuruna-aykiri-bir-yargilama-duzeni-var-2535384\" target=\"_blank\" class=\"feedzy-rss-link-icon\">Read More<\/a><\/p>","protected":false},"excerpt":{"rendered":"<p>YEN\u0130 Parti Diyarbak\u0131r Milletvekili Sezgin Tanr\u0131kulu, Silivri\u2019deki Marmara Cezaevi Kamp\u00fcs\u00fc\u2019nde tutuklular\u0131n a\u011f\u0131r ko\u015fullarda yarg\u0131land\u0131\u011f\u0131n\u0131 belirterek duru\u015fma s\u00fcrelerini ve nezarethanelerdeki ko\u015fullar\u0131 ele\u015ftirdi. Tanr\u0131kulu, \u201c\u0130nsan bedenini yoran, insan onurunu zedeleyen, insan onuruna ayk\u0131r\u0131 bir yarg\u0131lama bi\u00e7imi olamaz\u201d dedi.YEN\u0130 Parti Diyarbak\u0131r Milletvekili Sezgin Tanr\u0131kulu, Silivri\u2019deki Marmara Cezaevi Kamp\u00fcs\u00fc\u2019nde tutuklular\u0131n a\u011f\u0131r ko\u015fullarda yarg\u0131land\u0131\u011f\u0131n\u0131 belirterek duru\u015fma s\u00fcrelerini ve nezarethanelerdeki ko\u015fullar\u0131 [&hellip;]<\/p>\n","protected":false},"author":1,"featured_media":42692,"comment_status":"open","ping_status":"open","sticky":false,"template":"","format":"standard","meta":{"footnotes":"","_links_to":"","_links_to_target":""},"categories":[1],"tags":[],"class_list":["post-42691","post","type-post","status-publish","format-standard","has-post-thumbnail","hentry","category-haberler"],"_links":{"self":[{"href":"https:\/\/www.abchukuk.com\/index.php\/wp-json\/wp\/v2\/posts\/42691","targetHints":{"allow":["GET"]}}],"collection":[{"href":"https:\/\/www.abchukuk.com\/index.php\/wp-json\/wp\/v2\/posts"}],"about":[{"href":"https:\/\/www.abchukuk.com\/index.php\/wp-json\/wp\/v2\/types\/post"}],"author":[{"embeddable":true,"href":"https:\/\/www.abchukuk.com\/index.php\/wp-json\/wp\/v2\/users\/1"}],"replies":[{"embeddable":true,"href":"https:\/\/www.abchukuk.com\/index.php\/wp-json\/wp\/v2\/comments?post=42691"}],"version-history":[{"count":0,"href":"https:\/\/www.abchukuk.com\/index.php\/wp-json\/wp\/v2\/posts\/42691\/revisions"}],"wp:featuredmedia":[{"embeddable":true,"href":"https:\/\/www.abchukuk.com\/index.php\/wp-json\/wp\/v2\/media\/42692"}],"wp:attachment":[{"href":"https:\/\/www.abchukuk.com\/index.php\/wp-json\/wp\/v2\/media?parent=42691"}],"wp:term":[{"taxonomy":"category","embeddable":true,"href":"https:\/\/www.abchukuk.com\/index.php\/wp-json\/wp\/v2\/categories?post=42691"},{"taxonomy":"post_tag","embeddable":true,"href":"https:\/\/www.abchukuk.com\/index.php\/wp-json\/wp\/v2\/tags?post=42691"}],"curies":[{"name":"wp","href":"https:\/\/api.w.org\/{rel}","templated":true}]}}