{"id":42689,"date":"2026-09-06T10:30:29","date_gmt":"2026-09-06T10:30:29","guid":{"rendered":"https:\/\/www.abchukuk.com\/index.php\/2026\/09\/06\/netanyahu-hakim-karsisinda-yolsuzluk-davasinda-tempo-artiyor\/"},"modified":"2026-09-06T10:30:29","modified_gmt":"2026-09-06T10:30:29","slug":"netanyahu-hakim-karsisinda-yolsuzluk-davasinda-tempo-artiyor","status":"publish","type":"post","link":"https:\/\/www.abchukuk.com\/index.php\/2026\/09\/06\/netanyahu-hakim-karsisinda-yolsuzluk-davasinda-tempo-artiyor\/","title":{"rendered":"Netanyahu hakim kar\u015f\u0131s\u0131nda: Yolsuzluk davas\u0131nda tempo art\u0131yor"},"content":{"rendered":"<p>\u0130srail Ba\u015fbakan\u0131 Benyamin Netanyahu&#8217;nun yarg\u0131land\u0131\u011f\u0131 yolsuzluk davas\u0131, adli tatilin sona ermesiyle yeniden ba\u015fl\u0131yor. Yakla\u015f\u0131k 100 g\u00fcnl\u00fck savunma s\u00fcrecinin ard\u0131ndan ek tan\u0131klar\u0131n dinlenece\u011fi davada, duru\u015fmalar\u0131n ekimden itibaren haftada 5 g\u00fcn yap\u0131lmas\u0131 planlan\u0131yor.\u0130srail Ba\u015fbakan\u0131 Benyamin Netanyahu&#8217;nun yarg\u0131land\u0131\u011f\u0131 yolsuzluk davas\u0131, adli tatilin sona ermesiyle yeniden ba\u015fl\u0131yor. Yakla\u015f\u0131k 100 g\u00fcnl\u00fck savunma s\u00fcrecinin ard\u0131ndan ek tan\u0131klar\u0131n dinlenece\u011fi davada, duru\u015fmalar\u0131n ekimden itibaren haftada 5 g\u00fcn yap\u0131lmas\u0131 planlan\u0131yor.\u00a0<a href=\"https:\/\/anlatilaninotesi.com.tr\/20260906\/netanyahu-hakim-karsisinda-yolsuzluk-davasinda-tempo-artiyor-1108536946.html\" target=\"_blank\" class=\"feedzy-rss-link-icon\">Read More<\/a><\/p>","protected":false},"excerpt":{"rendered":"<p>\u0130srail Ba\u015fbakan\u0131 Benyamin Netanyahu&#8217;nun yarg\u0131land\u0131\u011f\u0131 yolsuzluk davas\u0131, adli tatilin sona ermesiyle yeniden ba\u015fl\u0131yor. Yakla\u015f\u0131k 100 g\u00fcnl\u00fck savunma s\u00fcrecinin ard\u0131ndan ek tan\u0131klar\u0131n dinlenece\u011fi davada, duru\u015fmalar\u0131n ekimden itibaren haftada 5 g\u00fcn yap\u0131lmas\u0131 planlan\u0131yor.\u0130srail Ba\u015fbakan\u0131 Benyamin Netanyahu&#8217;nun yarg\u0131land\u0131\u011f\u0131 yolsuzluk davas\u0131, adli tatilin sona ermesiyle yeniden ba\u015fl\u0131yor. Yakla\u015f\u0131k 100 g\u00fcnl\u00fck savunma s\u00fcrecinin ard\u0131ndan ek tan\u0131klar\u0131n dinlenece\u011fi davada, duru\u015fmalar\u0131n ekimden [&hellip;]<\/p>\n","protected":false},"author":1,"featured_media":0,"comment_status":"open","ping_status":"open","sticky":false,"template":"","format":"standard","meta":{"footnotes":"","_links_to":"","_links_to_target":""},"categories":[1],"tags":[],"class_list":["post-42689","post","type-post","status-publish","format-standard","hentry","category-haberler"],"_links":{"self":[{"href":"https:\/\/www.abchukuk.com\/index.php\/wp-json\/wp\/v2\/posts\/42689","targetHints":{"allow":["GET"]}}],"collection":[{"href":"https:\/\/www.abchukuk.com\/index.php\/wp-json\/wp\/v2\/posts"}],"about":[{"href":"https:\/\/www.abchukuk.com\/index.php\/wp-json\/wp\/v2\/types\/post"}],"author":[{"embeddable":true,"href":"https:\/\/www.abchukuk.com\/index.php\/wp-json\/wp\/v2\/users\/1"}],"replies":[{"embeddable":true,"href":"https:\/\/www.abchukuk.com\/index.php\/wp-json\/wp\/v2\/comments?post=42689"}],"version-history":[{"count":0,"href":"https:\/\/www.abchukuk.com\/index.php\/wp-json\/wp\/v2\/posts\/42689\/revisions"}],"wp:attachment":[{"href":"https:\/\/www.abchukuk.com\/index.php\/wp-json\/wp\/v2\/media?parent=42689"}],"wp:term":[{"taxonomy":"category","embeddable":true,"href":"https:\/\/www.abchukuk.com\/index.php\/wp-json\/wp\/v2\/categories?post=42689"},{"taxonomy":"post_tag","embeddable":true,"href":"https:\/\/www.abchukuk.com\/index.php\/wp-json\/wp\/v2\/tags?post=42689"}],"curies":[{"name":"wp","href":"https:\/\/api.w.org\/{rel}","templated":true}]}}