{"id":42686,"date":"2026-09-06T10:43:00","date_gmt":"2026-09-06T10:43:00","guid":{"rendered":"https:\/\/www.abchukuk.com\/index.php\/2026\/09\/06\/ibb-sorusturmasi-12-kisi-adliyeye-sevk-edildi\/"},"modified":"2026-09-06T10:43:00","modified_gmt":"2026-09-06T10:43:00","slug":"ibb-sorusturmasi-12-kisi-adliyeye-sevk-edildi","status":"publish","type":"post","link":"https:\/\/www.abchukuk.com\/index.php\/2026\/09\/06\/ibb-sorusturmasi-12-kisi-adliyeye-sevk-edildi\/","title":{"rendered":"\u0130BB soru\u015fturmas\u0131: 12 ki\u015fi adliyeye sevk edildi"},"content":{"rendered":"<p>\u0130BB\u2019ye y\u00f6nelik y\u00fcr\u00fct\u00fclen soru\u015fturmada, baz\u0131 ihalelere fesat kar\u0131\u015ft\u0131r\u0131ld\u0131\u011f\u0131 ve kamu zarar\u0131na neden olundu\u011fu iddias\u0131yla d\u00fczenlenen yeni operasyonda g\u00f6zalt\u0131na al\u0131nan 12 ki\u015fi adliyeye sevk edildi.\u0130BB\u2019ye y\u00f6nelik y\u00fcr\u00fct\u00fclen soru\u015fturmada, baz\u0131 ihalelere fesat kar\u0131\u015ft\u0131r\u0131ld\u0131\u011f\u0131 ve kamu zarar\u0131na neden olundu\u011fu iddias\u0131yla d\u00fczenlenen yeni operasyonda g\u00f6zalt\u0131na al\u0131nan 12 ki\u015fi adliyeye sevk edildi.\u00a0<a href=\"https:\/\/www.cumhuriyet.com.tr\/turkiye\/ibb-sorusturmasi-12-kisi-adliyeye-sevk-edildi-2535338\" target=\"_blank\" class=\"feedzy-rss-link-icon\">Read More<\/a><\/p>","protected":false},"excerpt":{"rendered":"<p>\u0130BB\u2019ye y\u00f6nelik y\u00fcr\u00fct\u00fclen soru\u015fturmada, baz\u0131 ihalelere fesat kar\u0131\u015ft\u0131r\u0131ld\u0131\u011f\u0131 ve kamu zarar\u0131na neden olundu\u011fu iddias\u0131yla d\u00fczenlenen yeni operasyonda g\u00f6zalt\u0131na al\u0131nan 12 ki\u015fi adliyeye sevk edildi.\u0130BB\u2019ye y\u00f6nelik y\u00fcr\u00fct\u00fclen soru\u015fturmada, baz\u0131 ihalelere fesat kar\u0131\u015ft\u0131r\u0131ld\u0131\u011f\u0131 ve kamu zarar\u0131na neden olundu\u011fu iddias\u0131yla d\u00fczenlenen yeni operasyonda g\u00f6zalt\u0131na al\u0131nan 12 ki\u015fi adliyeye sevk edildi.\u00a0Read More<\/p>\n","protected":false},"author":1,"featured_media":42687,"comment_status":"open","ping_status":"open","sticky":false,"template":"","format":"standard","meta":{"footnotes":"","_links_to":"","_links_to_target":""},"categories":[1],"tags":[],"class_list":["post-42686","post","type-post","status-publish","format-standard","has-post-thumbnail","hentry","category-haberler"],"_links":{"self":[{"href":"https:\/\/www.abchukuk.com\/index.php\/wp-json\/wp\/v2\/posts\/42686","targetHints":{"allow":["GET"]}}],"collection":[{"href":"https:\/\/www.abchukuk.com\/index.php\/wp-json\/wp\/v2\/posts"}],"about":[{"href":"https:\/\/www.abchukuk.com\/index.php\/wp-json\/wp\/v2\/types\/post"}],"author":[{"embeddable":true,"href":"https:\/\/www.abchukuk.com\/index.php\/wp-json\/wp\/v2\/users\/1"}],"replies":[{"embeddable":true,"href":"https:\/\/www.abchukuk.com\/index.php\/wp-json\/wp\/v2\/comments?post=42686"}],"version-history":[{"count":0,"href":"https:\/\/www.abchukuk.com\/index.php\/wp-json\/wp\/v2\/posts\/42686\/revisions"}],"wp:featuredmedia":[{"embeddable":true,"href":"https:\/\/www.abchukuk.com\/index.php\/wp-json\/wp\/v2\/media\/42687"}],"wp:attachment":[{"href":"https:\/\/www.abchukuk.com\/index.php\/wp-json\/wp\/v2\/media?parent=42686"}],"wp:term":[{"taxonomy":"category","embeddable":true,"href":"https:\/\/www.abchukuk.com\/index.php\/wp-json\/wp\/v2\/categories?post=42686"},{"taxonomy":"post_tag","embeddable":true,"href":"https:\/\/www.abchukuk.com\/index.php\/wp-json\/wp\/v2\/tags?post=42686"}],"curies":[{"name":"wp","href":"https:\/\/api.w.org\/{rel}","templated":true}]}}