{"id":42684,"date":"2026-09-06T10:48:00","date_gmt":"2026-09-06T10:48:00","guid":{"rendered":"https:\/\/www.abchukuk.com\/index.php\/2026\/09\/06\/ibb-sorusturmasinda-flas-gelisme-adliyeye-sevk-edildiler\/"},"modified":"2026-09-06T10:48:00","modified_gmt":"2026-09-06T10:48:00","slug":"ibb-sorusturmasinda-flas-gelisme-adliyeye-sevk-edildiler","status":"publish","type":"post","link":"https:\/\/www.abchukuk.com\/index.php\/2026\/09\/06\/ibb-sorusturmasinda-flas-gelisme-adliyeye-sevk-edildiler\/","title":{"rendered":"\u0130BB Soru\u015fturmas\u0131nda Fla\u015f Geli\u015fme, Adliyeye Sevk Edildiler"},"content":{"rendered":"<p><a href=\"https:\/\/www.gercekgundem.com\/guncel\/ibb-sorusturmasinda-flas-gelisme-adliyeye-sevk-edildiler-578126\"><br \/>\n                                                            <img decoding=\"async\" src=\"https:\/\/i.gercekgundem.com\/2\/150\/84\/storage\/files\/images\/2026\/09\/06\/ibb-sorusturmasinda-flas-gelisme-adliyeye-sevk-edildiler-mvve.jpg\" width=\"150\" height=\"84\" border=\"0\" align=\"right\" \/><br \/>\n                                                    <\/a><\/p>\n<h4>\u0130BB\u2019ye y\u00f6nelik y\u00fcr\u00fct\u00fclen \u2018yolsuzluk\u2019 soru\u015fturmas\u0131nda, baz\u0131 ihalelere fesat kar\u0131\u015ft\u0131r\u0131ld\u0131\u011f\u0131 ve kamu zarar\u0131na neden olundu\u011fu iddias\u0131yla d\u00fczenlenen yeni operasyonda g\u00f6zalt\u0131na al\u0131nan 12 \u015f\u00fcpheli adliyeye sevk edildi.<\/h4>\n<p>\u0130BB\u2019ye y\u00f6nelik y\u00fcr\u00fct\u00fclen \u2018yolsuzluk\u2019 soru\u015fturmas\u0131nda, baz\u0131 ihalelere fesat kar\u0131\u015ft\u0131r\u0131ld\u0131\u011f\u0131 ve kamu zarar\u0131na neden olundu\u011fu iddias\u0131yla d\u00fczenlenen yeni operasyonda g\u00f6zalt\u0131na al\u0131nan 12 \u015f\u00fcpheli adliyeye sevk edildi.\u00a0<a href=\"https:\/\/www.gercekgundem.com\/guncel\/ibb-sorusturmasinda-flas-gelisme-adliyeye-sevk-edildiler-578126\" target=\"_blank\" class=\"feedzy-rss-link-icon\">Read More<\/a><\/p>","protected":false},"excerpt":{"rendered":"<p>\u0130BB\u2019ye y\u00f6nelik y\u00fcr\u00fct\u00fclen \u2018yolsuzluk\u2019 soru\u015fturmas\u0131nda, baz\u0131 ihalelere fesat kar\u0131\u015ft\u0131r\u0131ld\u0131\u011f\u0131 ve kamu zarar\u0131na neden olundu\u011fu iddias\u0131yla d\u00fczenlenen yeni operasyonda g\u00f6zalt\u0131na al\u0131nan 12 \u015f\u00fcpheli adliyeye sevk edildi. \u0130BB\u2019ye y\u00f6nelik y\u00fcr\u00fct\u00fclen \u2018yolsuzluk\u2019 soru\u015fturmas\u0131nda, baz\u0131 ihalelere fesat kar\u0131\u015ft\u0131r\u0131ld\u0131\u011f\u0131 ve kamu zarar\u0131na neden olundu\u011fu iddias\u0131yla d\u00fczenlenen yeni operasyonda g\u00f6zalt\u0131na al\u0131nan 12 \u015f\u00fcpheli adliyeye sevk edildi.\u00a0Read More<\/p>\n","protected":false},"author":1,"featured_media":42685,"comment_status":"open","ping_status":"open","sticky":false,"template":"","format":"standard","meta":{"footnotes":"","_links_to":"","_links_to_target":""},"categories":[1],"tags":[],"class_list":["post-42684","post","type-post","status-publish","format-standard","has-post-thumbnail","hentry","category-haberler"],"_links":{"self":[{"href":"https:\/\/www.abchukuk.com\/index.php\/wp-json\/wp\/v2\/posts\/42684","targetHints":{"allow":["GET"]}}],"collection":[{"href":"https:\/\/www.abchukuk.com\/index.php\/wp-json\/wp\/v2\/posts"}],"about":[{"href":"https:\/\/www.abchukuk.com\/index.php\/wp-json\/wp\/v2\/types\/post"}],"author":[{"embeddable":true,"href":"https:\/\/www.abchukuk.com\/index.php\/wp-json\/wp\/v2\/users\/1"}],"replies":[{"embeddable":true,"href":"https:\/\/www.abchukuk.com\/index.php\/wp-json\/wp\/v2\/comments?post=42684"}],"version-history":[{"count":0,"href":"https:\/\/www.abchukuk.com\/index.php\/wp-json\/wp\/v2\/posts\/42684\/revisions"}],"wp:featuredmedia":[{"embeddable":true,"href":"https:\/\/www.abchukuk.com\/index.php\/wp-json\/wp\/v2\/media\/42685"}],"wp:attachment":[{"href":"https:\/\/www.abchukuk.com\/index.php\/wp-json\/wp\/v2\/media?parent=42684"}],"wp:term":[{"taxonomy":"category","embeddable":true,"href":"https:\/\/www.abchukuk.com\/index.php\/wp-json\/wp\/v2\/categories?post=42684"},{"taxonomy":"post_tag","embeddable":true,"href":"https:\/\/www.abchukuk.com\/index.php\/wp-json\/wp\/v2\/tags?post=42684"}],"curies":[{"name":"wp","href":"https:\/\/api.w.org\/{rel}","templated":true}]}}