{"id":42682,"date":"2026-09-06T10:59:00","date_gmt":"2026-09-06T10:59:00","guid":{"rendered":"https:\/\/www.abchukuk.com\/index.php\/2026\/09\/06\/gulistan-doku-sorusturmasinda-buyuk-kirilma-umut-altas-abdde-fbi-tarafindan-sorgulandi-turkay-sonel-vurarak-oldurdu-cesedi-bagaja-tasindi\/"},"modified":"2026-09-06T10:59:00","modified_gmt":"2026-09-06T10:59:00","slug":"gulistan-doku-sorusturmasinda-buyuk-kirilma-umut-altas-abdde-fbi-tarafindan-sorgulandi-turkay-sonel-vurarak-oldurdu-cesedi-bagaja-tasindi","status":"publish","type":"post","link":"https:\/\/www.abchukuk.com\/index.php\/2026\/09\/06\/gulistan-doku-sorusturmasinda-buyuk-kirilma-umut-altas-abdde-fbi-tarafindan-sorgulandi-turkay-sonel-vurarak-oldurdu-cesedi-bagaja-tasindi\/","title":{"rendered":"G\u00fclistan Doku Soru\u015fturmas\u0131nda B\u00fcy\u00fck K\u0131r\u0131lma! Umut Alta\u015f ABD&#8217;de FBI Taraf\u0131ndan Sorguland\u0131: T\u00fcrkay Sonel Vurarak \u00d6ld\u00fcrd\u00fc, Cesedi Bagaja Ta\u015f\u0131nd\u0131"},"content":{"rendered":"<p><a href=\"https:\/\/www.gercekgundem.com\/guncel\/gulistan-doku-sorusturmasinda-buyuk-kirilma-umut-altas-abdde-fbi-tarafindan-sorgulandi-turkay-sonel-vurarak-oldurdu-cesedi-bagaja-tasindi-578127\"><br \/>\n                                                            <img decoding=\"async\" src=\"https:\/\/i.gercekgundem.com\/2\/150\/84\/storage\/files\/images\/2026\/09\/06\/gulistan-doku-sorusturmasinda-buyuk-kirilma-umut-altas-abdde-fbi-tarafindan-sorgulandi-turkay-sonel-vurarak-oldurdu-cesedi-bagaja-tasindi-hypu.jpg\" width=\"150\" height=\"84\" border=\"0\" align=\"right\" \/><br \/>\n                                                    <\/a><\/p>\n<h4>G\u00fclistan Doku soru\u015fturmas\u0131n\u0131n kilit isimlerinden olan ve ABD&#8217;de tutuklu bulunan Umut Alta\u015f&#8217;\u0131n FBI taraf\u0131ndan sorguland\u0131\u011f\u0131 ve cinayete tan\u0131k oldu\u011funu itiraf etti\u011fi ortaya \u00e7\u0131kt\u0131. Alta\u015f; G\u00fclistan Doku\u2019nun Mustafa T\u00fcrkay Sonel taraf\u0131ndan ara\u00e7 i\u00e7erisinde vurularak \u00f6ld\u00fcr\u00fcld\u00fc\u011f\u00fcn\u00fc g\u00f6rd\u00fc\u011f\u00fcn\u00fc, cesedin bagaja ta\u015f\u0131nd\u0131\u011f\u0131n\u0131, olay\u0131n ard\u0131ndan d\u00f6nemin valisinin koruma g\u00f6revlisi \u015e\u00fckr\u00fc Ero\u011flu\u2019nun devreye girdi\u011fini ve kendisine \u201cBabam bu i\u015fi halledecek\u201d denildi\u011fini \u00f6ne s\u00fcrd\u00fc.<\/h4>\n<p>G\u00fclistan Doku soru\u015fturmas\u0131n\u0131n kilit isimlerinden olan ve ABD&#8217;de tutuklu bulunan Umut Alta\u015f&#8217;\u0131n FBI taraf\u0131ndan sorguland\u0131\u011f\u0131 ve cinayete tan\u0131k oldu\u011funu itiraf etti\u011fi ortaya \u00e7\u0131kt\u0131. Alta\u015f; G\u00fclistan Doku\u2019nun Mustafa T\u00fcrkay Sonel taraf\u0131ndan ara\u00e7 i\u00e7erisinde vurularak \u00f6ld\u00fcr\u00fcld\u00fc\u011f\u00fcn\u00fc g\u00f6rd\u00fc\u011f\u00fcn\u00fc, cesedin bagaja ta\u015f\u0131nd\u0131\u011f\u0131n\u0131, olay\u0131n ard\u0131ndan d\u00f6nemin valisinin koruma g\u00f6revlisi \u015e\u00fckr\u00fc Ero\u011flu\u2019nun devreye girdi\u011fini ve kendisine \u201cBabam bu i\u015fi halledecek\u201d denildi\u011fini \u00f6ne s\u00fcrd\u00fc.\u00a0<a href=\"https:\/\/www.gercekgundem.com\/guncel\/gulistan-doku-sorusturmasinda-buyuk-kirilma-umut-altas-abdde-fbi-tarafindan-sorgulandi-turkay-sonel-vurarak-oldurdu-cesedi-bagaja-tasindi-578127\" target=\"_blank\" class=\"feedzy-rss-link-icon\">Read More<\/a><\/p>","protected":false},"excerpt":{"rendered":"<p>G\u00fclistan Doku soru\u015fturmas\u0131n\u0131n kilit isimlerinden olan ve ABD&#8217;de tutuklu bulunan Umut Alta\u015f&#8217;\u0131n FBI taraf\u0131ndan sorguland\u0131\u011f\u0131 ve cinayete tan\u0131k oldu\u011funu itiraf etti\u011fi ortaya \u00e7\u0131kt\u0131. Alta\u015f; G\u00fclistan Doku\u2019nun Mustafa T\u00fcrkay Sonel taraf\u0131ndan ara\u00e7 i\u00e7erisinde vurularak \u00f6ld\u00fcr\u00fcld\u00fc\u011f\u00fcn\u00fc g\u00f6rd\u00fc\u011f\u00fcn\u00fc, cesedin bagaja ta\u015f\u0131nd\u0131\u011f\u0131n\u0131, olay\u0131n ard\u0131ndan d\u00f6nemin valisinin koruma g\u00f6revlisi \u015e\u00fckr\u00fc Ero\u011flu\u2019nun devreye girdi\u011fini ve kendisine \u201cBabam bu i\u015fi halledecek\u201d denildi\u011fini [&hellip;]<\/p>\n","protected":false},"author":1,"featured_media":42683,"comment_status":"open","ping_status":"open","sticky":false,"template":"","format":"standard","meta":{"footnotes":"","_links_to":"","_links_to_target":""},"categories":[1],"tags":[],"class_list":["post-42682","post","type-post","status-publish","format-standard","has-post-thumbnail","hentry","category-haberler"],"_links":{"self":[{"href":"https:\/\/www.abchukuk.com\/index.php\/wp-json\/wp\/v2\/posts\/42682","targetHints":{"allow":["GET"]}}],"collection":[{"href":"https:\/\/www.abchukuk.com\/index.php\/wp-json\/wp\/v2\/posts"}],"about":[{"href":"https:\/\/www.abchukuk.com\/index.php\/wp-json\/wp\/v2\/types\/post"}],"author":[{"embeddable":true,"href":"https:\/\/www.abchukuk.com\/index.php\/wp-json\/wp\/v2\/users\/1"}],"replies":[{"embeddable":true,"href":"https:\/\/www.abchukuk.com\/index.php\/wp-json\/wp\/v2\/comments?post=42682"}],"version-history":[{"count":0,"href":"https:\/\/www.abchukuk.com\/index.php\/wp-json\/wp\/v2\/posts\/42682\/revisions"}],"wp:featuredmedia":[{"embeddable":true,"href":"https:\/\/www.abchukuk.com\/index.php\/wp-json\/wp\/v2\/media\/42683"}],"wp:attachment":[{"href":"https:\/\/www.abchukuk.com\/index.php\/wp-json\/wp\/v2\/media?parent=42682"}],"wp:term":[{"taxonomy":"category","embeddable":true,"href":"https:\/\/www.abchukuk.com\/index.php\/wp-json\/wp\/v2\/categories?post=42682"},{"taxonomy":"post_tag","embeddable":true,"href":"https:\/\/www.abchukuk.com\/index.php\/wp-json\/wp\/v2\/tags?post=42682"}],"curies":[{"name":"wp","href":"https:\/\/api.w.org\/{rel}","templated":true}]}}