{"id":42681,"date":"2026-09-06T11:15:09","date_gmt":"2026-09-06T11:15:09","guid":{"rendered":"https:\/\/www.abchukuk.com\/index.php\/2026\/09\/06\/orman-yanginlarinda-16-tutuklama\/"},"modified":"2026-09-06T11:15:09","modified_gmt":"2026-09-06T11:15:09","slug":"orman-yanginlarinda-16-tutuklama","status":"publish","type":"post","link":"https:\/\/www.abchukuk.com\/index.php\/2026\/09\/06\/orman-yanginlarinda-16-tutuklama\/","title":{"rendered":"Orman yang\u0131nlar\u0131nda 16 tutuklama"},"content":{"rendered":"<p>Adalet Bakan\u0131 Ak\u0131n G\u00fcrlek, &#8220;1 Haziran 2026\u2019dan bug\u00fcne kadar 27 ilimizde meydana gelen 103 orman yang\u0131n\u0131na ili\u015fkin y\u00fcr\u00fct\u00fclen soru\u015fturmalarda 70 \u015f\u00fcpheli tespit edildi. Bu \u015f\u00fcphelilerden; 16\u2019s\u0131 tutukland\u0131, 32 \u015f\u00fcpheli hakk\u0131nda adli kontrol tedbiri uyguland\u0131 ve 2 \u015f\u00fcpheli hakk\u0131nda yakalama karar\u0131 \u00e7\u0131kar\u0131ld\u0131.&#8221; a\u00e7\u0131klamas\u0131nda bulunduAdalet Bakan\u0131 Ak\u0131n G\u00fcrlek, &#8220;1 Haziran 2026\u2019dan bug\u00fcne kadar 27 ilimizde meydana gelen 103 orman yang\u0131n\u0131na ili\u015fkin y\u00fcr\u00fct\u00fclen soru\u015fturmalarda 70 \u015f\u00fcpheli tespit edildi. Bu \u015f\u00fcphelilerden; 16\u2019s\u0131 tutukland\u0131, 32 \u015f\u00fcpheli hakk\u0131nda adli kontrol tedbiri uyguland\u0131 ve 2 \u015f\u00fcpheli hakk\u0131nda yakalama karar\u0131 \u00e7\u0131kar\u0131ld\u0131.&#8221; a\u00e7\u0131klamas\u0131nda bulundu\u00a0<a href=\"https:\/\/www.haberturk.com\/gundem\/son-dakika-orman-yanginlarinda-16-tutuklama-3910634\" target=\"_blank\" class=\"feedzy-rss-link-icon\">Read More<\/a><\/p>","protected":false},"excerpt":{"rendered":"<p>Adalet Bakan\u0131 Ak\u0131n G\u00fcrlek, &#8220;1 Haziran 2026\u2019dan bug\u00fcne kadar 27 ilimizde meydana gelen 103 orman yang\u0131n\u0131na ili\u015fkin y\u00fcr\u00fct\u00fclen soru\u015fturmalarda 70 \u015f\u00fcpheli tespit edildi. Bu \u015f\u00fcphelilerden; 16\u2019s\u0131 tutukland\u0131, 32 \u015f\u00fcpheli hakk\u0131nda adli kontrol tedbiri uyguland\u0131 ve 2 \u015f\u00fcpheli hakk\u0131nda yakalama karar\u0131 \u00e7\u0131kar\u0131ld\u0131.&#8221; a\u00e7\u0131klamas\u0131nda bulunduAdalet Bakan\u0131 Ak\u0131n G\u00fcrlek, &#8220;1 Haziran 2026\u2019dan bug\u00fcne kadar 27 ilimizde meydana gelen [&hellip;]<\/p>\n","protected":false},"author":1,"featured_media":0,"comment_status":"open","ping_status":"open","sticky":false,"template":"","format":"standard","meta":{"footnotes":"","_links_to":"","_links_to_target":""},"categories":[1],"tags":[],"class_list":["post-42681","post","type-post","status-publish","format-standard","hentry","category-haberler"],"_links":{"self":[{"href":"https:\/\/www.abchukuk.com\/index.php\/wp-json\/wp\/v2\/posts\/42681","targetHints":{"allow":["GET"]}}],"collection":[{"href":"https:\/\/www.abchukuk.com\/index.php\/wp-json\/wp\/v2\/posts"}],"about":[{"href":"https:\/\/www.abchukuk.com\/index.php\/wp-json\/wp\/v2\/types\/post"}],"author":[{"embeddable":true,"href":"https:\/\/www.abchukuk.com\/index.php\/wp-json\/wp\/v2\/users\/1"}],"replies":[{"embeddable":true,"href":"https:\/\/www.abchukuk.com\/index.php\/wp-json\/wp\/v2\/comments?post=42681"}],"version-history":[{"count":0,"href":"https:\/\/www.abchukuk.com\/index.php\/wp-json\/wp\/v2\/posts\/42681\/revisions"}],"wp:attachment":[{"href":"https:\/\/www.abchukuk.com\/index.php\/wp-json\/wp\/v2\/media?parent=42681"}],"wp:term":[{"taxonomy":"category","embeddable":true,"href":"https:\/\/www.abchukuk.com\/index.php\/wp-json\/wp\/v2\/categories?post=42681"},{"taxonomy":"post_tag","embeddable":true,"href":"https:\/\/www.abchukuk.com\/index.php\/wp-json\/wp\/v2\/tags?post=42681"}],"curies":[{"name":"wp","href":"https:\/\/api.w.org\/{rel}","templated":true}]}}