{"id":42672,"date":"2026-09-06T08:23:00","date_gmt":"2026-09-06T08:23:00","guid":{"rendered":"https:\/\/www.abchukuk.com\/index.php\/2026\/09\/06\/hurremin-kapisi-caliyor-acma-diyerek-uyardilar-64-yil-hapis-cezasiyla-araniyordu-canli-yayinda-yakalandi\/"},"modified":"2026-09-06T08:23:00","modified_gmt":"2026-09-06T08:23:00","slug":"hurremin-kapisi-caliyor-acma-diyerek-uyardilar-64-yil-hapis-cezasiyla-araniyordu-canli-yayinda-yakalandi","status":"publish","type":"post","link":"https:\/\/www.abchukuk.com\/index.php\/2026\/09\/06\/hurremin-kapisi-caliyor-acma-diyerek-uyardilar-64-yil-hapis-cezasiyla-araniyordu-canli-yayinda-yakalandi\/","title":{"rendered":"&#8216;H\u00fcrrem\u2019in kap\u0131s\u0131 \u00e7al\u0131yor, a\u00e7ma!&#8217; diyerek uyard\u0131lar: 64 y\u0131l hapis cezas\u0131yla aran\u0131yordu, canl\u0131 yay\u0131nda yakaland\u0131"},"content":{"rendered":"<p>\u0130stanbul Esenler\u2019de hakk\u0131nda kesinle\u015fmi\u015f 64 y\u0131l 6 ay hapis cezas\u0131 bulunan G\u00fcl\u00fcstan Kurt, sosyal medya hesab\u0131ndan canl\u0131 yay\u0131n yapt\u0131\u011f\u0131 s\u0131rada polis ekiplerince yakaland\u0131. Yay\u0131na kat\u0131lan bir ki\u015finin \u201cH\u00fcrrem\u2019in kap\u0131s\u0131 \u00e7al\u0131yor, a\u00e7ma H\u00fcrrem\u201d diyerek Kurt\u2019u uyarmaya \u00e7al\u0131\u015ft\u0131\u011f\u0131 anlar da canl\u0131 yay\u0131na yans\u0131d\u0131.\u0130stanbul Esenler\u2019de hakk\u0131nda kesinle\u015fmi\u015f 64 y\u0131l 6 ay hapis cezas\u0131 bulunan G\u00fcl\u00fcstan Kurt, sosyal medya hesab\u0131ndan canl\u0131 yay\u0131n yapt\u0131\u011f\u0131 s\u0131rada polis ekiplerince yakaland\u0131. Yay\u0131na kat\u0131lan bir ki\u015finin \u201cH\u00fcrrem\u2019in kap\u0131s\u0131 \u00e7al\u0131yor, a\u00e7ma H\u00fcrrem\u201d diyerek Kurt\u2019u uyarmaya \u00e7al\u0131\u015ft\u0131\u011f\u0131 anlar da canl\u0131 yay\u0131na yans\u0131d\u0131.\u00a0<a href=\"https:\/\/www.cumhuriyet.com.tr\/turkiye\/hurrem-in-kapisi-caliyor-acma-diyerek-uyardilar-64-yil-hapis-cezasiyla-araniyordu-canli-yayinda-yakalandi-2535302\" target=\"_blank\" class=\"feedzy-rss-link-icon\">Read More<\/a><\/p>","protected":false},"excerpt":{"rendered":"<p>\u0130stanbul Esenler\u2019de hakk\u0131nda kesinle\u015fmi\u015f 64 y\u0131l 6 ay hapis cezas\u0131 bulunan G\u00fcl\u00fcstan Kurt, sosyal medya hesab\u0131ndan canl\u0131 yay\u0131n yapt\u0131\u011f\u0131 s\u0131rada polis ekiplerince yakaland\u0131. Yay\u0131na kat\u0131lan bir ki\u015finin \u201cH\u00fcrrem\u2019in kap\u0131s\u0131 \u00e7al\u0131yor, a\u00e7ma H\u00fcrrem\u201d diyerek Kurt\u2019u uyarmaya \u00e7al\u0131\u015ft\u0131\u011f\u0131 anlar da canl\u0131 yay\u0131na yans\u0131d\u0131.\u0130stanbul Esenler\u2019de hakk\u0131nda kesinle\u015fmi\u015f 64 y\u0131l 6 ay hapis cezas\u0131 bulunan G\u00fcl\u00fcstan Kurt, sosyal medya [&hellip;]<\/p>\n","protected":false},"author":1,"featured_media":42673,"comment_status":"open","ping_status":"open","sticky":false,"template":"","format":"standard","meta":{"footnotes":"","_links_to":"","_links_to_target":""},"categories":[1],"tags":[],"class_list":["post-42672","post","type-post","status-publish","format-standard","has-post-thumbnail","hentry","category-haberler"],"_links":{"self":[{"href":"https:\/\/www.abchukuk.com\/index.php\/wp-json\/wp\/v2\/posts\/42672","targetHints":{"allow":["GET"]}}],"collection":[{"href":"https:\/\/www.abchukuk.com\/index.php\/wp-json\/wp\/v2\/posts"}],"about":[{"href":"https:\/\/www.abchukuk.com\/index.php\/wp-json\/wp\/v2\/types\/post"}],"author":[{"embeddable":true,"href":"https:\/\/www.abchukuk.com\/index.php\/wp-json\/wp\/v2\/users\/1"}],"replies":[{"embeddable":true,"href":"https:\/\/www.abchukuk.com\/index.php\/wp-json\/wp\/v2\/comments?post=42672"}],"version-history":[{"count":0,"href":"https:\/\/www.abchukuk.com\/index.php\/wp-json\/wp\/v2\/posts\/42672\/revisions"}],"wp:featuredmedia":[{"embeddable":true,"href":"https:\/\/www.abchukuk.com\/index.php\/wp-json\/wp\/v2\/media\/42673"}],"wp:attachment":[{"href":"https:\/\/www.abchukuk.com\/index.php\/wp-json\/wp\/v2\/media?parent=42672"}],"wp:term":[{"taxonomy":"category","embeddable":true,"href":"https:\/\/www.abchukuk.com\/index.php\/wp-json\/wp\/v2\/categories?post=42672"},{"taxonomy":"post_tag","embeddable":true,"href":"https:\/\/www.abchukuk.com\/index.php\/wp-json\/wp\/v2\/tags?post=42672"}],"curies":[{"name":"wp","href":"https:\/\/api.w.org\/{rel}","templated":true}]}}