{"id":42664,"date":"2026-09-06T06:49:00","date_gmt":"2026-09-06T06:49:00","guid":{"rendered":"https:\/\/www.abchukuk.com\/index.php\/2026\/09\/06\/resmi-gazetede-yayimlandi-4-ilde-7-tasinmaz-ozellestirilecek\/"},"modified":"2026-09-06T06:49:00","modified_gmt":"2026-09-06T06:49:00","slug":"resmi-gazetede-yayimlandi-4-ilde-7-tasinmaz-ozellestirilecek","status":"publish","type":"post","link":"https:\/\/www.abchukuk.com\/index.php\/2026\/09\/06\/resmi-gazetede-yayimlandi-4-ilde-7-tasinmaz-ozellestirilecek\/","title":{"rendered":"Resmi Gazete\u2019de yay\u0131mland\u0131: 4 ilde 7 ta\u015f\u0131nmaz \u00f6zelle\u015ftirilecek"},"content":{"rendered":"<p>\u00d6zelle\u015ftirme \u0130daresi Ba\u015fkanl\u0131\u011f\u0131, Ankara, \u0130stanbul, \u0130zmir ve Mersin\u2019de bulunan 7 ta\u015f\u0131nmaz\u0131n sat\u0131\u015f y\u00f6ntemiyle \u00f6zelle\u015ftirilece\u011fini duyurdu. \u0130haleler pazarl\u0131k usul\u00fcyle yap\u0131lacak, teklifler eyl\u00fcl ay\u0131n\u0131n sonunda al\u0131nacak.\u00d6zelle\u015ftirme \u0130daresi Ba\u015fkanl\u0131\u011f\u0131, Ankara, \u0130stanbul, \u0130zmir ve Mersin\u2019de bulunan 7 ta\u015f\u0131nmaz\u0131n sat\u0131\u015f y\u00f6ntemiyle \u00f6zelle\u015ftirilece\u011fini duyurdu. \u0130haleler pazarl\u0131k usul\u00fcyle yap\u0131lacak, teklifler eyl\u00fcl ay\u0131n\u0131n sonunda al\u0131nacak.\u00a0<a href=\"https:\/\/www.cumhuriyet.com.tr\/turkiye\/resmi-gazete-de-yayimlandi-4-ilde-7-tasinmaz-ozellestirilecek-2535273\" target=\"_blank\" class=\"feedzy-rss-link-icon\">Read More<\/a><\/p>","protected":false},"excerpt":{"rendered":"<p>\u00d6zelle\u015ftirme \u0130daresi Ba\u015fkanl\u0131\u011f\u0131, Ankara, \u0130stanbul, \u0130zmir ve Mersin\u2019de bulunan 7 ta\u015f\u0131nmaz\u0131n sat\u0131\u015f y\u00f6ntemiyle \u00f6zelle\u015ftirilece\u011fini duyurdu. \u0130haleler pazarl\u0131k usul\u00fcyle yap\u0131lacak, teklifler eyl\u00fcl ay\u0131n\u0131n sonunda al\u0131nacak.\u00d6zelle\u015ftirme \u0130daresi Ba\u015fkanl\u0131\u011f\u0131, Ankara, \u0130stanbul, \u0130zmir ve Mersin\u2019de bulunan 7 ta\u015f\u0131nmaz\u0131n sat\u0131\u015f y\u00f6ntemiyle \u00f6zelle\u015ftirilece\u011fini duyurdu. \u0130haleler pazarl\u0131k usul\u00fcyle yap\u0131lacak, teklifler eyl\u00fcl ay\u0131n\u0131n sonunda al\u0131nacak.\u00a0Read More<\/p>\n","protected":false},"author":1,"featured_media":42665,"comment_status":"open","ping_status":"open","sticky":false,"template":"","format":"standard","meta":{"footnotes":"","_links_to":"","_links_to_target":""},"categories":[1],"tags":[],"class_list":["post-42664","post","type-post","status-publish","format-standard","has-post-thumbnail","hentry","category-haberler"],"_links":{"self":[{"href":"https:\/\/www.abchukuk.com\/index.php\/wp-json\/wp\/v2\/posts\/42664","targetHints":{"allow":["GET"]}}],"collection":[{"href":"https:\/\/www.abchukuk.com\/index.php\/wp-json\/wp\/v2\/posts"}],"about":[{"href":"https:\/\/www.abchukuk.com\/index.php\/wp-json\/wp\/v2\/types\/post"}],"author":[{"embeddable":true,"href":"https:\/\/www.abchukuk.com\/index.php\/wp-json\/wp\/v2\/users\/1"}],"replies":[{"embeddable":true,"href":"https:\/\/www.abchukuk.com\/index.php\/wp-json\/wp\/v2\/comments?post=42664"}],"version-history":[{"count":0,"href":"https:\/\/www.abchukuk.com\/index.php\/wp-json\/wp\/v2\/posts\/42664\/revisions"}],"wp:featuredmedia":[{"embeddable":true,"href":"https:\/\/www.abchukuk.com\/index.php\/wp-json\/wp\/v2\/media\/42665"}],"wp:attachment":[{"href":"https:\/\/www.abchukuk.com\/index.php\/wp-json\/wp\/v2\/media?parent=42664"}],"wp:term":[{"taxonomy":"category","embeddable":true,"href":"https:\/\/www.abchukuk.com\/index.php\/wp-json\/wp\/v2\/categories?post=42664"},{"taxonomy":"post_tag","embeddable":true,"href":"https:\/\/www.abchukuk.com\/index.php\/wp-json\/wp\/v2\/tags?post=42664"}],"curies":[{"name":"wp","href":"https:\/\/api.w.org\/{rel}","templated":true}]}}