{"id":42661,"date":"2026-09-06T07:47:07","date_gmt":"2026-09-06T07:47:07","guid":{"rendered":"https:\/\/www.abchukuk.com\/index.php\/2026\/09\/06\/64-yil-6-ay-hapis-cezasiyla-aranan-kadin-sosyal-medyada-canli-yayin-yaparken-yakalandi\/"},"modified":"2026-09-06T07:47:07","modified_gmt":"2026-09-06T07:47:07","slug":"64-yil-6-ay-hapis-cezasiyla-aranan-kadin-sosyal-medyada-canli-yayin-yaparken-yakalandi","status":"publish","type":"post","link":"https:\/\/www.abchukuk.com\/index.php\/2026\/09\/06\/64-yil-6-ay-hapis-cezasiyla-aranan-kadin-sosyal-medyada-canli-yayin-yaparken-yakalandi\/","title":{"rendered":"64 Y\u0131l 6 Ay Hapis Cezas\u0131yla Aranan Kad\u0131n, Sosyal Medyada Canl\u0131 Yay\u0131n Yaparken Yakaland\u0131!"},"content":{"rendered":"<p><a href=\"https:\/\/www.gercekgundem.com\/guncel\/64-yil-6-ay-hapis-cezasiyla-aranan-kadin-sosyal-medyada-canli-yayin-yaparken-yakalandi-kapi-caliyor-acma-hurrem-578114\"><br \/>\n                                                            <img decoding=\"async\" src=\"https:\/\/i.gercekgundem.com\/2\/150\/84\/storage\/files\/images\/2026\/09\/06\/64-yil-6-ay-hapis-cezasiyla-aranan-kadin-sosyal-medyada-canli-yayin-yaparken-yakalandi-kapi-caliyor-acma-hurrem-y7tr.jpg\" width=\"150\" height=\"84\" border=\"0\" align=\"right\" \/><br \/>\n                                                    <\/a><\/p>\n<h4>\u0130stanbul Esenler&#8217;de 33 ya\u015f\u0131ndaki G\u00fcl\u00fcstan Kur, sosyal medya hesab\u0131ndan canl\u0131 yay\u0131n yapt\u0131\u011f\u0131 Beyo\u011flu Devriye Ekipleri Amirli\u011fi polisleri eve bask\u0131n d\u00fczenledi. Yay\u0131ndakilerden birinin &#8220;H\u00fcrrem&#8217;in kap\u0131s\u0131 \u00e7al\u0131yor; a\u00e7ma H\u00fcrrem&#8221; dedi\u011fi ve kad\u0131n\u0131n yakaland\u0131\u011f\u0131 anlar canl\u0131 yay\u0131na yans\u0131d\u0131. Hakk\u0131nda kesinle\u015fmi\u015f 64 y\u0131l 6 ay hapis cezas\u0131 ve 215 su\u00e7 kayd\u0131 bulunan G\u00fcl\u00fcstan Kurt tutukland\u0131.<\/h4>\n<p>\u0130stanbul Esenler&#8217;de 33 ya\u015f\u0131ndaki G\u00fcl\u00fcstan Kur, sosyal medya hesab\u0131ndan canl\u0131 yay\u0131n yapt\u0131\u011f\u0131 Beyo\u011flu Devriye Ekipleri Amirli\u011fi polisleri eve bask\u0131n d\u00fczenledi. Yay\u0131ndakilerden birinin &#8220;H\u00fcrrem&#8217;in kap\u0131s\u0131 \u00e7al\u0131yor; a\u00e7ma H\u00fcrrem&#8221; dedi\u011fi ve kad\u0131n\u0131n yakaland\u0131\u011f\u0131 anlar canl\u0131 yay\u0131na yans\u0131d\u0131. Hakk\u0131nda kesinle\u015fmi\u015f 64 y\u0131l 6 ay hapis cezas\u0131 ve 215 su\u00e7 kayd\u0131 bulunan G\u00fcl\u00fcstan Kurt tutukland\u0131.\u00a0<a href=\"https:\/\/www.gercekgundem.com\/guncel\/64-yil-6-ay-hapis-cezasiyla-aranan-kadin-sosyal-medyada-canli-yayin-yaparken-yakalandi-kapi-caliyor-acma-hurrem-578114\" target=\"_blank\" class=\"feedzy-rss-link-icon\">Read More<\/a><\/p>","protected":false},"excerpt":{"rendered":"<p>\u0130stanbul Esenler&#8217;de 33 ya\u015f\u0131ndaki G\u00fcl\u00fcstan Kur, sosyal medya hesab\u0131ndan canl\u0131 yay\u0131n yapt\u0131\u011f\u0131 Beyo\u011flu Devriye Ekipleri Amirli\u011fi polisleri eve bask\u0131n d\u00fczenledi. Yay\u0131ndakilerden birinin &#8220;H\u00fcrrem&#8217;in kap\u0131s\u0131 \u00e7al\u0131yor; a\u00e7ma H\u00fcrrem&#8221; dedi\u011fi ve kad\u0131n\u0131n yakaland\u0131\u011f\u0131 anlar canl\u0131 yay\u0131na yans\u0131d\u0131. Hakk\u0131nda kesinle\u015fmi\u015f 64 y\u0131l 6 ay hapis cezas\u0131 ve 215 su\u00e7 kayd\u0131 bulunan G\u00fcl\u00fcstan Kurt tutukland\u0131. \u0130stanbul Esenler&#8217;de 33 ya\u015f\u0131ndaki [&hellip;]<\/p>\n","protected":false},"author":1,"featured_media":42662,"comment_status":"open","ping_status":"open","sticky":false,"template":"","format":"standard","meta":{"footnotes":"","_links_to":"","_links_to_target":""},"categories":[1],"tags":[],"class_list":["post-42661","post","type-post","status-publish","format-standard","has-post-thumbnail","hentry","category-haberler"],"_links":{"self":[{"href":"https:\/\/www.abchukuk.com\/index.php\/wp-json\/wp\/v2\/posts\/42661","targetHints":{"allow":["GET"]}}],"collection":[{"href":"https:\/\/www.abchukuk.com\/index.php\/wp-json\/wp\/v2\/posts"}],"about":[{"href":"https:\/\/www.abchukuk.com\/index.php\/wp-json\/wp\/v2\/types\/post"}],"author":[{"embeddable":true,"href":"https:\/\/www.abchukuk.com\/index.php\/wp-json\/wp\/v2\/users\/1"}],"replies":[{"embeddable":true,"href":"https:\/\/www.abchukuk.com\/index.php\/wp-json\/wp\/v2\/comments?post=42661"}],"version-history":[{"count":0,"href":"https:\/\/www.abchukuk.com\/index.php\/wp-json\/wp\/v2\/posts\/42661\/revisions"}],"wp:featuredmedia":[{"embeddable":true,"href":"https:\/\/www.abchukuk.com\/index.php\/wp-json\/wp\/v2\/media\/42662"}],"wp:attachment":[{"href":"https:\/\/www.abchukuk.com\/index.php\/wp-json\/wp\/v2\/media?parent=42661"}],"wp:term":[{"taxonomy":"category","embeddable":true,"href":"https:\/\/www.abchukuk.com\/index.php\/wp-json\/wp\/v2\/categories?post=42661"},{"taxonomy":"post_tag","embeddable":true,"href":"https:\/\/www.abchukuk.com\/index.php\/wp-json\/wp\/v2\/tags?post=42661"}],"curies":[{"name":"wp","href":"https:\/\/api.w.org\/{rel}","templated":true}]}}