{"id":42657,"date":"2026-09-06T01:00:00","date_gmt":"2026-09-06T01:00:00","guid":{"rendered":"https:\/\/www.abchukuk.com\/index.php\/2026\/09\/06\/hurriyet-saglik-sen-baskani-cakmak-saglikta-gecici-gorevlendirme-iptalini-degerlendirdi-gorev-dagiliminda-adalet-ve-liyakat-saglanmali\/"},"modified":"2026-09-06T01:00:00","modified_gmt":"2026-09-06T01:00:00","slug":"hurriyet-saglik-sen-baskani-cakmak-saglikta-gecici-gorevlendirme-iptalini-degerlendirdi-gorev-dagiliminda-adalet-ve-liyakat-saglanmali","status":"publish","type":"post","link":"https:\/\/www.abchukuk.com\/index.php\/2026\/09\/06\/hurriyet-saglik-sen-baskani-cakmak-saglikta-gecici-gorevlendirme-iptalini-degerlendirdi-gorev-dagiliminda-adalet-ve-liyakat-saglanmali\/","title":{"rendered":"H\u00fcrriyet Sa\u011fl\u0131k Sen Ba\u015fkan\u0131 \u00c7akmak \u2018sa\u011fl\u0131kta ge\u00e7ici g\u00f6revlendirme\u2019 iptalini de\u011ferlendirdi: \u2018G\u00f6rev da\u011f\u0131l\u0131m\u0131nda adalet ve liyakat sa\u011flanmal\u0131\u2019"},"content":{"rendered":"<p>H\u00fcrriyet Sa\u011fl\u0131k Sen Genel Ba\u015fkan\u0131 Erdo\u011fan \u00c7akmak, Sa\u011fl\u0131k Bakanl\u0131\u011f\u0131&#8217;n\u0131n ge\u00e7ici g\u00f6revlerin sonland\u0131r\u0131lmas\u0131na y\u00f6nelik att\u0131\u011f\u0131 ad\u0131ma ili\u015fkin konu\u015ftu. Karar\u0131 do\u011fru buldu\u011funu s\u00f6yleyen \u00c7akmak eksik noktalar\u0131n oldu\u011funa da dikkat \u00e7ekerek, \u201cGe\u00e7ici g\u00f6revlendirmeler sonland\u0131r\u0131l\u0131rken as\u0131l hedef yaln\u0131zca personeli geri g\u00f6ndermek de\u011fil; sa\u011fl\u0131kta y\u0131llard\u0131r bozulan g\u00f6rev ve personel da\u011f\u0131l\u0131m\u0131n\u0131, yeniden adalet, liyakat ve hizmet ihtiyac\u0131 temelinde kurmak olmal\u0131d\u0131r. Herkes kadrosunun oldu\u011fu yerde, mesle\u011finin gerektirdi\u011fi i\u015fi yaps\u0131n. Sa\u011fl\u0131k \u00e7al\u0131\u015fan\u0131n\u0131n y\u00fck\u00fc azals\u0131n, sa\u011fl\u0131k hizmetinin g\u00fcc\u00fc arts\u0131n\u201d ifadelerini kulland\u0131.H\u00fcrriyet Sa\u011fl\u0131k Sen Genel Ba\u015fkan\u0131 Erdo\u011fan \u00c7akmak, Sa\u011fl\u0131k Bakanl\u0131\u011f\u0131&#8217;n\u0131n ge\u00e7ici g\u00f6revlerin sonland\u0131r\u0131lmas\u0131na y\u00f6nelik att\u0131\u011f\u0131 ad\u0131ma ili\u015fkin konu\u015ftu. Karar\u0131 do\u011fru buldu\u011funu s\u00f6yleyen \u00c7akmak eksik noktalar\u0131n oldu\u011funa da dikkat \u00e7ekerek, \u201cGe\u00e7ici g\u00f6revlendirmeler sonland\u0131r\u0131l\u0131rken as\u0131l hedef yaln\u0131zca personeli geri g\u00f6ndermek de\u011fil; sa\u011fl\u0131kta y\u0131llard\u0131r bozulan g\u00f6rev ve personel da\u011f\u0131l\u0131m\u0131n\u0131, yeniden adalet, liyakat ve hizmet ihtiyac\u0131 temelinde kurmak olmal\u0131d\u0131r. Herkes kadrosunun oldu\u011fu yerde, mesle\u011finin gerektirdi\u011fi i\u015fi yaps\u0131n. Sa\u011fl\u0131k \u00e7al\u0131\u015fan\u0131n\u0131n y\u00fck\u00fc azals\u0131n, sa\u011fl\u0131k hizmetinin g\u00fcc\u00fc arts\u0131n\u201d ifadelerini kulland\u0131.\u00a0<a href=\"https:\/\/www.cumhuriyet.com.tr\/turkiye\/hurriyet-saglik-sen-baskani-cakmak-saglikta-gecici-gorevlendirme-iptalini-degerlendirdi-gorev-dagiliminda-adalet-ve-liyakat-saglanmali-2535220\" target=\"_blank\" class=\"feedzy-rss-link-icon\">Read More<\/a><\/p>","protected":false},"excerpt":{"rendered":"<p>H\u00fcrriyet Sa\u011fl\u0131k Sen Genel Ba\u015fkan\u0131 Erdo\u011fan \u00c7akmak, Sa\u011fl\u0131k Bakanl\u0131\u011f\u0131&#8217;n\u0131n ge\u00e7ici g\u00f6revlerin sonland\u0131r\u0131lmas\u0131na y\u00f6nelik att\u0131\u011f\u0131 ad\u0131ma ili\u015fkin konu\u015ftu. Karar\u0131 do\u011fru buldu\u011funu s\u00f6yleyen \u00c7akmak eksik noktalar\u0131n oldu\u011funa da dikkat \u00e7ekerek, \u201cGe\u00e7ici g\u00f6revlendirmeler sonland\u0131r\u0131l\u0131rken as\u0131l hedef yaln\u0131zca personeli geri g\u00f6ndermek de\u011fil; sa\u011fl\u0131kta y\u0131llard\u0131r bozulan g\u00f6rev ve personel da\u011f\u0131l\u0131m\u0131n\u0131, yeniden adalet, liyakat ve hizmet ihtiyac\u0131 temelinde kurmak olmal\u0131d\u0131r. Herkes [&hellip;]<\/p>\n","protected":false},"author":1,"featured_media":42658,"comment_status":"open","ping_status":"open","sticky":false,"template":"","format":"standard","meta":{"footnotes":"","_links_to":"","_links_to_target":""},"categories":[1],"tags":[],"class_list":["post-42657","post","type-post","status-publish","format-standard","has-post-thumbnail","hentry","category-haberler"],"_links":{"self":[{"href":"https:\/\/www.abchukuk.com\/index.php\/wp-json\/wp\/v2\/posts\/42657","targetHints":{"allow":["GET"]}}],"collection":[{"href":"https:\/\/www.abchukuk.com\/index.php\/wp-json\/wp\/v2\/posts"}],"about":[{"href":"https:\/\/www.abchukuk.com\/index.php\/wp-json\/wp\/v2\/types\/post"}],"author":[{"embeddable":true,"href":"https:\/\/www.abchukuk.com\/index.php\/wp-json\/wp\/v2\/users\/1"}],"replies":[{"embeddable":true,"href":"https:\/\/www.abchukuk.com\/index.php\/wp-json\/wp\/v2\/comments?post=42657"}],"version-history":[{"count":0,"href":"https:\/\/www.abchukuk.com\/index.php\/wp-json\/wp\/v2\/posts\/42657\/revisions"}],"wp:featuredmedia":[{"embeddable":true,"href":"https:\/\/www.abchukuk.com\/index.php\/wp-json\/wp\/v2\/media\/42658"}],"wp:attachment":[{"href":"https:\/\/www.abchukuk.com\/index.php\/wp-json\/wp\/v2\/media?parent=42657"}],"wp:term":[{"taxonomy":"category","embeddable":true,"href":"https:\/\/www.abchukuk.com\/index.php\/wp-json\/wp\/v2\/categories?post=42657"},{"taxonomy":"post_tag","embeddable":true,"href":"https:\/\/www.abchukuk.com\/index.php\/wp-json\/wp\/v2\/tags?post=42657"}],"curies":[{"name":"wp","href":"https:\/\/api.w.org\/{rel}","templated":true}]}}