{"id":42655,"date":"2026-09-06T01:00:00","date_gmt":"2026-09-06T01:00:00","guid":{"rendered":"https:\/\/www.abchukuk.com\/index.php\/2026\/09\/06\/kilicdaroglu-sozunu-ve-genel-baskanligini-savunamadi-avukati-bile-genel-baskan-diyemedi\/"},"modified":"2026-09-06T01:00:00","modified_gmt":"2026-09-06T01:00:00","slug":"kilicdaroglu-sozunu-ve-genel-baskanligini-savunamadi-avukati-bile-genel-baskan-diyemedi","status":"publish","type":"post","link":"https:\/\/www.abchukuk.com\/index.php\/2026\/09\/06\/kilicdaroglu-sozunu-ve-genel-baskanligini-savunamadi-avukati-bile-genel-baskan-diyemedi\/","title":{"rendered":"K\u0131l\u0131\u00e7daro\u011flu, s\u00f6z\u00fcn\u00fc ve genel ba\u015fkanl\u0131\u011f\u0131n\u0131 savunamad\u0131: Avukat\u0131 bile \u2018genel ba\u015fkan\u2019 diyemedi!"},"content":{"rendered":"<p>CHP\u2019nin butlan genel ba\u015fkan\u0131 Kemal K\u0131l\u0131\u00e7daro\u011flu, Ba\u011f\u0131ms\u0131z Ankara Milletvekili Adnan Beker\u2019e y\u00f6nelik \u201cKirli bir adam. Mahkemeye b\u00fct\u00fcn kirliliklerini delilleriyle ortaya koyaca\u011f\u0131m\u201d demi\u015fti. Bu ifadeleri \u00fczerinen Beker, K\u0131l\u0131\u00e7daro\u011flu\u2019na 5 TL\u2019lik manevi tazminat davas\u0131 a\u00e7m\u0131\u015ft\u0131. K\u0131l\u0131\u00e7daro\u011flu\u2019nun avukat\u0131 Celal \u00c7elik, mahkemeye cevap dilek\u00e7esi sundu. Dilek\u00e7ede; K\u0131l\u0131\u00e7aro\u011flu i\u00e7in \u201cuzun y\u0131llar Cumhuriyet Halk Partisi Genel Ba\u015fkanl\u0131\u011f\u0131 g\u00f6revini y\u00fcr\u00fctm\u00fc\u015f\u201d denirken, ifadeler i\u00e7in somut bir su\u00e7 isnad\u0131 de\u011fil, siyasi nitelikte bir de\u011fer yarg\u0131s\u0131 oldu\u011funu savundu.CHP\u2019nin butlan genel ba\u015fkan\u0131 Kemal K\u0131l\u0131\u00e7daro\u011flu, Ba\u011f\u0131ms\u0131z Ankara Milletvekili Adnan Beker\u2019e y\u00f6nelik \u201cKirli bir adam. Mahkemeye b\u00fct\u00fcn kirliliklerini delilleriyle ortaya koyaca\u011f\u0131m\u201d demi\u015fti. Bu ifadeleri \u00fczerinen Beker, K\u0131l\u0131\u00e7daro\u011flu\u2019na 5 TL\u2019lik manevi tazminat davas\u0131 a\u00e7m\u0131\u015ft\u0131. K\u0131l\u0131\u00e7daro\u011flu\u2019nun avukat\u0131 Celal \u00c7elik, mahkemeye cevap dilek\u00e7esi sundu. Dilek\u00e7ede; K\u0131l\u0131\u00e7aro\u011flu i\u00e7in \u201cuzun y\u0131llar Cumhuriyet Halk Partisi Genel Ba\u015fkanl\u0131\u011f\u0131 g\u00f6revini y\u00fcr\u00fctm\u00fc\u015f\u201d denirken, ifadeler i\u00e7in somut bir su\u00e7 isnad\u0131 de\u011fil, siyasi nitelikte bir de\u011fer yarg\u0131s\u0131 oldu\u011funu savundu.\u00a0<a href=\"https:\/\/www.cumhuriyet.com.tr\/turkiye\/kilicdaroglu-sozunu-ve-genel-baskanligini-savunamadi-avukati-bile-genel-baskan-diyemedi-2535221\" target=\"_blank\" class=\"feedzy-rss-link-icon\">Read More<\/a><\/p>","protected":false},"excerpt":{"rendered":"<p>CHP\u2019nin butlan genel ba\u015fkan\u0131 Kemal K\u0131l\u0131\u00e7daro\u011flu, Ba\u011f\u0131ms\u0131z Ankara Milletvekili Adnan Beker\u2019e y\u00f6nelik \u201cKirli bir adam. Mahkemeye b\u00fct\u00fcn kirliliklerini delilleriyle ortaya koyaca\u011f\u0131m\u201d demi\u015fti. Bu ifadeleri \u00fczerinen Beker, K\u0131l\u0131\u00e7daro\u011flu\u2019na 5 TL\u2019lik manevi tazminat davas\u0131 a\u00e7m\u0131\u015ft\u0131. K\u0131l\u0131\u00e7daro\u011flu\u2019nun avukat\u0131 Celal \u00c7elik, mahkemeye cevap dilek\u00e7esi sundu. Dilek\u00e7ede; K\u0131l\u0131\u00e7aro\u011flu i\u00e7in \u201cuzun y\u0131llar Cumhuriyet Halk Partisi Genel Ba\u015fkanl\u0131\u011f\u0131 g\u00f6revini y\u00fcr\u00fctm\u00fc\u015f\u201d denirken, ifadeler [&hellip;]<\/p>\n","protected":false},"author":1,"featured_media":42656,"comment_status":"open","ping_status":"open","sticky":false,"template":"","format":"standard","meta":{"footnotes":"","_links_to":"","_links_to_target":""},"categories":[1],"tags":[],"class_list":["post-42655","post","type-post","status-publish","format-standard","has-post-thumbnail","hentry","category-haberler"],"_links":{"self":[{"href":"https:\/\/www.abchukuk.com\/index.php\/wp-json\/wp\/v2\/posts\/42655","targetHints":{"allow":["GET"]}}],"collection":[{"href":"https:\/\/www.abchukuk.com\/index.php\/wp-json\/wp\/v2\/posts"}],"about":[{"href":"https:\/\/www.abchukuk.com\/index.php\/wp-json\/wp\/v2\/types\/post"}],"author":[{"embeddable":true,"href":"https:\/\/www.abchukuk.com\/index.php\/wp-json\/wp\/v2\/users\/1"}],"replies":[{"embeddable":true,"href":"https:\/\/www.abchukuk.com\/index.php\/wp-json\/wp\/v2\/comments?post=42655"}],"version-history":[{"count":0,"href":"https:\/\/www.abchukuk.com\/index.php\/wp-json\/wp\/v2\/posts\/42655\/revisions"}],"wp:featuredmedia":[{"embeddable":true,"href":"https:\/\/www.abchukuk.com\/index.php\/wp-json\/wp\/v2\/media\/42656"}],"wp:attachment":[{"href":"https:\/\/www.abchukuk.com\/index.php\/wp-json\/wp\/v2\/media?parent=42655"}],"wp:term":[{"taxonomy":"category","embeddable":true,"href":"https:\/\/www.abchukuk.com\/index.php\/wp-json\/wp\/v2\/categories?post=42655"},{"taxonomy":"post_tag","embeddable":true,"href":"https:\/\/www.abchukuk.com\/index.php\/wp-json\/wp\/v2\/tags?post=42655"}],"curies":[{"name":"wp","href":"https:\/\/api.w.org\/{rel}","templated":true}]}}