{"id":42651,"date":"2026-09-05T19:12:19","date_gmt":"2026-09-05T19:12:19","guid":{"rendered":"https:\/\/www.abchukuk.com\/index.php\/2026\/09\/05\/uskudar-belediyesinde-3-tutuklama-talebi\/"},"modified":"2026-09-05T19:12:19","modified_gmt":"2026-09-05T19:12:19","slug":"uskudar-belediyesinde-3-tutuklama-talebi","status":"publish","type":"post","link":"https:\/\/www.abchukuk.com\/index.php\/2026\/09\/05\/uskudar-belediyesinde-3-tutuklama-talebi\/","title":{"rendered":"\u00dcsk\u00fcdar Belediyesi&#8217;nde 3 tutuklama talebi"},"content":{"rendered":"<p>\u00dcsk\u00fcdar Belediyesi\u2019nde yap\u0131 ruhsat\u0131 ve iskan s\u00fcre\u00e7lerinde usuls\u00fczl\u00fck yap\u0131ld\u0131\u011f\u0131 iddialar\u0131na ili\u015fkin soru\u015fturmada g\u00f6zalt\u0131na al\u0131nan Belediye Ba\u015fkan Yard\u0131mc\u0131s\u0131 Amine Cansu \u00c7elik\u2019in de aralar\u0131nda bulundu\u011fu 3 ki\u015fi, savc\u0131l\u0131k ifadelerinin ard\u0131ndan tutuklama talebiyle sulh ceza hakimli\u011fine sevk edildi\u00dcsk\u00fcdar Belediyesi\u2019nde yap\u0131 ruhsat\u0131 ve iskan s\u00fcre\u00e7lerinde usuls\u00fczl\u00fck yap\u0131ld\u0131\u011f\u0131 iddialar\u0131na ili\u015fkin soru\u015fturmada g\u00f6zalt\u0131na al\u0131nan Belediye Ba\u015fkan Yard\u0131mc\u0131s\u0131 Amine Cansu \u00c7elik\u2019in de aralar\u0131nda bulundu\u011fu 3 ki\u015fi, savc\u0131l\u0131k ifadelerinin ard\u0131ndan tutuklama talebiyle sulh ceza hakimli\u011fine sevk edildi\u00a0<a href=\"https:\/\/www.haberturk.com\/gundem\/son-dakika-uskudar-belediyesi-nde-3-tutuklama-talebi-3910538\" target=\"_blank\" class=\"feedzy-rss-link-icon\">Read More<\/a><\/p>","protected":false},"excerpt":{"rendered":"<p>\u00dcsk\u00fcdar Belediyesi\u2019nde yap\u0131 ruhsat\u0131 ve iskan s\u00fcre\u00e7lerinde usuls\u00fczl\u00fck yap\u0131ld\u0131\u011f\u0131 iddialar\u0131na ili\u015fkin soru\u015fturmada g\u00f6zalt\u0131na al\u0131nan Belediye Ba\u015fkan Yard\u0131mc\u0131s\u0131 Amine Cansu \u00c7elik\u2019in de aralar\u0131nda bulundu\u011fu 3 ki\u015fi, savc\u0131l\u0131k ifadelerinin ard\u0131ndan tutuklama talebiyle sulh ceza hakimli\u011fine sevk edildi\u00dcsk\u00fcdar Belediyesi\u2019nde yap\u0131 ruhsat\u0131 ve iskan s\u00fcre\u00e7lerinde usuls\u00fczl\u00fck yap\u0131ld\u0131\u011f\u0131 iddialar\u0131na ili\u015fkin soru\u015fturmada g\u00f6zalt\u0131na al\u0131nan Belediye Ba\u015fkan Yard\u0131mc\u0131s\u0131 Amine Cansu \u00c7elik\u2019in de [&hellip;]<\/p>\n","protected":false},"author":1,"featured_media":0,"comment_status":"open","ping_status":"open","sticky":false,"template":"","format":"standard","meta":{"footnotes":"","_links_to":"","_links_to_target":""},"categories":[1],"tags":[],"class_list":["post-42651","post","type-post","status-publish","format-standard","hentry","category-haberler"],"_links":{"self":[{"href":"https:\/\/www.abchukuk.com\/index.php\/wp-json\/wp\/v2\/posts\/42651","targetHints":{"allow":["GET"]}}],"collection":[{"href":"https:\/\/www.abchukuk.com\/index.php\/wp-json\/wp\/v2\/posts"}],"about":[{"href":"https:\/\/www.abchukuk.com\/index.php\/wp-json\/wp\/v2\/types\/post"}],"author":[{"embeddable":true,"href":"https:\/\/www.abchukuk.com\/index.php\/wp-json\/wp\/v2\/users\/1"}],"replies":[{"embeddable":true,"href":"https:\/\/www.abchukuk.com\/index.php\/wp-json\/wp\/v2\/comments?post=42651"}],"version-history":[{"count":0,"href":"https:\/\/www.abchukuk.com\/index.php\/wp-json\/wp\/v2\/posts\/42651\/revisions"}],"wp:attachment":[{"href":"https:\/\/www.abchukuk.com\/index.php\/wp-json\/wp\/v2\/media?parent=42651"}],"wp:term":[{"taxonomy":"category","embeddable":true,"href":"https:\/\/www.abchukuk.com\/index.php\/wp-json\/wp\/v2\/categories?post=42651"},{"taxonomy":"post_tag","embeddable":true,"href":"https:\/\/www.abchukuk.com\/index.php\/wp-json\/wp\/v2\/tags?post=42651"}],"curies":[{"name":"wp","href":"https:\/\/api.w.org\/{rel}","templated":true}]}}