{"id":42649,"date":"2026-09-05T19:44:00","date_gmt":"2026-09-05T19:44:00","guid":{"rendered":"https:\/\/www.abchukuk.com\/index.php\/2026\/09\/05\/uskudar-belediyesi-sorusturmasinda-3-supheli-icin-tutuklama-talebi\/"},"modified":"2026-09-05T19:44:00","modified_gmt":"2026-09-05T19:44:00","slug":"uskudar-belediyesi-sorusturmasinda-3-supheli-icin-tutuklama-talebi","status":"publish","type":"post","link":"https:\/\/www.abchukuk.com\/index.php\/2026\/09\/05\/uskudar-belediyesi-sorusturmasinda-3-supheli-icin-tutuklama-talebi\/","title":{"rendered":"\u00dcsk\u00fcdar Belediyesi soru\u015fturmas\u0131nda 3 \u015f\u00fcpheli i\u00e7in tutuklama talebi"},"content":{"rendered":"<p>\u00dcsk\u00fcdar Belediyesinde yap\u0131 ve iskan ruhsat\u0131 i\u015flemlerinde usuls\u00fczl\u00fck yap\u0131ld\u0131\u011f\u0131 iddias\u0131yla y\u00fcr\u00fct\u00fclen soru\u015fturmada, Belediye Ba\u015fkan Yard\u0131mc\u0131s\u0131 Amine Cansu \u00c7elik&#8217;in de aralar\u0131nda bulundu\u011fu 3 \u015f\u00fcpheli tutuklama talebiyle hakimli\u011fe sevk edildi.\u00dcsk\u00fcdar Belediyesinde yap\u0131 ve iskan ruhsat\u0131 i\u015flemlerinde usuls\u00fczl\u00fck yap\u0131ld\u0131\u011f\u0131 iddias\u0131yla y\u00fcr\u00fct\u00fclen soru\u015fturmada, Belediye Ba\u015fkan Yard\u0131mc\u0131s\u0131 Amine Cansu \u00c7elik&#8217;in de aralar\u0131nda bulundu\u011fu 3 \u015f\u00fcpheli tutuklama talebiyle hakimli\u011fe sevk edildi.\u00a0<a href=\"https:\/\/www.dunya.com\/gundem\/uskudar-belediyesi-sorusturmasinda-3-supheli-icin-tutuklama-talebi-haberi-838895\" target=\"_blank\" class=\"feedzy-rss-link-icon\">Read More<\/a><\/p>","protected":false},"excerpt":{"rendered":"<p>\u00dcsk\u00fcdar Belediyesinde yap\u0131 ve iskan ruhsat\u0131 i\u015flemlerinde usuls\u00fczl\u00fck yap\u0131ld\u0131\u011f\u0131 iddias\u0131yla y\u00fcr\u00fct\u00fclen soru\u015fturmada, Belediye Ba\u015fkan Yard\u0131mc\u0131s\u0131 Amine Cansu \u00c7elik&#8217;in de aralar\u0131nda bulundu\u011fu 3 \u015f\u00fcpheli tutuklama talebiyle hakimli\u011fe sevk edildi.\u00dcsk\u00fcdar Belediyesinde yap\u0131 ve iskan ruhsat\u0131 i\u015flemlerinde usuls\u00fczl\u00fck yap\u0131ld\u0131\u011f\u0131 iddias\u0131yla y\u00fcr\u00fct\u00fclen soru\u015fturmada, Belediye Ba\u015fkan Yard\u0131mc\u0131s\u0131 Amine Cansu \u00c7elik&#8217;in de aralar\u0131nda bulundu\u011fu 3 \u015f\u00fcpheli tutuklama talebiyle hakimli\u011fe sevk edildi.\u00a0Read [&hellip;]<\/p>\n","protected":false},"author":1,"featured_media":42650,"comment_status":"open","ping_status":"open","sticky":false,"template":"","format":"standard","meta":{"footnotes":"","_links_to":"","_links_to_target":""},"categories":[1],"tags":[],"class_list":["post-42649","post","type-post","status-publish","format-standard","has-post-thumbnail","hentry","category-haberler"],"_links":{"self":[{"href":"https:\/\/www.abchukuk.com\/index.php\/wp-json\/wp\/v2\/posts\/42649","targetHints":{"allow":["GET"]}}],"collection":[{"href":"https:\/\/www.abchukuk.com\/index.php\/wp-json\/wp\/v2\/posts"}],"about":[{"href":"https:\/\/www.abchukuk.com\/index.php\/wp-json\/wp\/v2\/types\/post"}],"author":[{"embeddable":true,"href":"https:\/\/www.abchukuk.com\/index.php\/wp-json\/wp\/v2\/users\/1"}],"replies":[{"embeddable":true,"href":"https:\/\/www.abchukuk.com\/index.php\/wp-json\/wp\/v2\/comments?post=42649"}],"version-history":[{"count":0,"href":"https:\/\/www.abchukuk.com\/index.php\/wp-json\/wp\/v2\/posts\/42649\/revisions"}],"wp:featuredmedia":[{"embeddable":true,"href":"https:\/\/www.abchukuk.com\/index.php\/wp-json\/wp\/v2\/media\/42650"}],"wp:attachment":[{"href":"https:\/\/www.abchukuk.com\/index.php\/wp-json\/wp\/v2\/media?parent=42649"}],"wp:term":[{"taxonomy":"category","embeddable":true,"href":"https:\/\/www.abchukuk.com\/index.php\/wp-json\/wp\/v2\/categories?post=42649"},{"taxonomy":"post_tag","embeddable":true,"href":"https:\/\/www.abchukuk.com\/index.php\/wp-json\/wp\/v2\/tags?post=42649"}],"curies":[{"name":"wp","href":"https:\/\/api.w.org\/{rel}","templated":true}]}}