{"id":42648,"date":"2026-09-05T19:58:15","date_gmt":"2026-09-05T19:58:15","guid":{"rendered":"https:\/\/www.abchukuk.com\/index.php\/2026\/09\/05\/adalet-bakani-akin-gurlekten-istanbul-2-nolu-baro-toplantisinda-avukatlara-pes-pese-mujdeli-aciklamalar-geldi\/"},"modified":"2026-09-05T19:58:15","modified_gmt":"2026-09-05T19:58:15","slug":"adalet-bakani-akin-gurlekten-istanbul-2-nolu-baro-toplantisinda-avukatlara-pes-pese-mujdeli-aciklamalar-geldi","status":"publish","type":"post","link":"https:\/\/www.abchukuk.com\/index.php\/2026\/09\/05\/adalet-bakani-akin-gurlekten-istanbul-2-nolu-baro-toplantisinda-avukatlara-pes-pese-mujdeli-aciklamalar-geldi\/","title":{"rendered":"Adalet Bakan\u0131 Ak\u0131n G\u00fcrlek\u2019ten \u0130stanbul 2 Nolu Baro toplant\u0131s\u0131nda avukatlara pe\u015f pe\u015fe m\u00fcjdeli a\u00e7\u0131klamalar geldi"},"content":{"rendered":"<p>\u00a0<\/p>\n<p><strong>SON.TV\/\u0130STANBUL<\/strong><\/p>\n<p><strong>Adalet Bakan\u0131 Ak\u0131n G\u00fcrlek, \u0130stanbul 2 Nolu Barosu taraf\u0131ndan d\u00fczenlenen 2026-2027 adli y\u0131l a\u00e7\u0131l\u0131\u015f program\u0131na kat\u0131ld\u0131.<\/strong><\/p>\n<p><strong>\u0130stanbul \u00dcniversitesi Cemil Bilsel Konferans Salonu<\/strong>\u2019nda ger\u00e7ekle\u015ftirilen programda konu\u015fan <strong>G\u00fcrlek<\/strong>, yeni d\u00f6nemde hem avukatl\u0131k mesle\u011fini hem de yarg\u0131 sistemini ilgilendiren \u00e7al\u0131\u015fmalar hakk\u0131nda de\u011ferlendirmelerde bulundu.<span class=\"Apple-converted-space\">\u00a0<\/span><\/p>\n<p><strong>S\u0130V\u0130L ANAYASA MESAJI<\/strong><\/p>\n<p><strong>G\u00fcrlek, T\u00fcrkiye\u2019<\/strong>nin yeni ve sivil bir anayasa hedefi do\u011frultusunda \u00e7al\u0131\u015fmalar\u0131n\u0131 s\u00fcrd\u00fcrece\u011fini belirterek, \u201c<strong>G\u00fc\u00e7l\u00fc T\u00fcrkiye\u2019ye giden yolda, \u2018Adaletin Y\u00fczy\u0131l\u0131\u2019na a\u00e7\u0131lan kap\u0131da, sivil anayasan\u0131n in\u015fa edilmesi konusunda kararl\u0131l\u0131kla y\u00fcr\u00fcmeye devam edece\u011fiz\u201d<\/strong> dedi.<span class=\"Apple-converted-space\">\u00a0<\/span><\/p>\n<p><strong>\u201cAVUKATLARLA EL ELE \u00c7ALI\u015eACA\u011eIZ\u201d<\/strong><\/p>\n<p>G\u00fc\u00e7l\u00fc hukuk d\u00fczeninin olu\u015fturulmas\u0131nda savunma makam\u0131n\u0131n \u00f6nemine dikkati \u00e7eken G\u00fcrlek, avukatlarla i\u015f birli\u011finin s\u00fcrd\u00fcr\u00fclece\u011fini s\u00f6yledi.<\/p>\n<p><strong>G\u00fcrlek<\/strong>, yarg\u0131n\u0131n insan kayna\u011f\u0131n\u0131n g\u00fc\u00e7lendirilmesi ve adliyelerin fiziki \u015fartlar\u0131n\u0131n iyile\u015ftirilmesi i\u00e7in \u00e7al\u0131\u015fmalar\u0131n devam edece\u011fini bildirdi.<span class=\"Apple-converted-space\">\u00a0<\/span><\/p>\n<p><strong>YEN\u0130 AVUKATLIK KANUNU \u0130\u00c7\u0130N \u00c7ALI\u015eMALAR S\u00dcR\u00dcYOR<\/strong><\/p>\n<p><strong>Adalet Bakan\u0131 G\u00fcrlek\u2019<\/strong>in konu\u015fmas\u0131nda en dikkat \u00e7eken ba\u015fl\u0131klardan biri de yeni <strong>Avukatl\u0131k Kanunu<\/strong> oldu.<\/p>\n<p>Yeni d\u00fczenlemeyle avukatlar\u0131n bilgi ve belgeye eri\u015fim yetkilerinin geni\u015fletilmesi \u00fczerinde \u00e7al\u0131\u015f\u0131ld\u0131\u011f\u0131n\u0131 a\u00e7\u0131klayan G\u00fcrlek, mesle\u011fe yeni ba\u015flayan avukatlar i\u00e7in de destek d\u00fczenlemelerinin g\u00fcndemde oldu\u011funu kaydetti.<span class=\"Apple-converted-space\">\u00a0<\/span><\/p>\n<p><strong>GEN\u00c7 AVUKATLARA DESTEK<\/strong><\/p>\n<p>\u00c7al\u0131\u015fmalar kapsam\u0131nda stajyer ve gen\u00e7 avukatlara y\u00f6nelik desteklerin art\u0131r\u0131lmas\u0131 hedefleniyor.<\/p>\n<p><strong>G\u00fcrlek<\/strong>, \u00f6zellikle ba\u015fka bir avukat\u0131n yan\u0131nda \u00e7al\u0131\u015fan meslek mensuplar\u0131n\u0131n \u00e7al\u0131\u015fma \u015fartlar\u0131 ile mali haklar\u0131na ili\u015fkin d\u00fczenlemelerin de ele al\u0131nd\u0131\u011f\u0131n\u0131 belirtti.<span class=\"Apple-converted-space\">\u00a0<\/span><\/p>\n<p><strong>KAMU AVUKATLARININ MAL\u0130 VE \u00d6ZL\u00dcK HAKLARI G\u00dcNDEMDE<\/strong><\/p>\n<p>Yeni Avukatl\u0131k Kanunu haz\u0131rl\u0131klar\u0131nda kamu avukatlar\u0131n\u0131n mali ve \u00f6zl\u00fck haklar\u0131n\u0131n iyile\u015ftirilmesine y\u00f6nelik \u00e7al\u0131\u015fmalar\u0131n da yer ald\u0131\u011f\u0131n\u0131 bildiren <strong>G\u00fcrlek<\/strong>, avukatl\u0131k mesle\u011finin g\u00fc\u00e7lendirilmesine y\u00f6nelik bir\u00e7ok d\u00fczenleme \u00fczerinde \u00e7al\u0131\u015f\u0131ld\u0131\u011f\u0131n\u0131 ifade etti.<span class=\"Apple-converted-space\">\u00a0<\/span><\/p>\n<p>\u201c<strong>ADALET\u0130N Y\u00dcZYILI\u201d VURGUSU<\/strong><\/p>\n<p><strong>G\u00fcrlek<\/strong>, konu\u015fmas\u0131n\u0131n genelinde yarg\u0131n\u0131n insan kayna\u011f\u0131n\u0131n g\u00fc\u00e7lendirilmesi, fiziki altyap\u0131n\u0131n geli\u015ftirilmesi ve savunma makam\u0131n\u0131n daha etkin hale getirilmesi hedeflerine vurgu yapt\u0131.<\/p>\n<p><strong>Bakan G\u00fcrlek, \u201cAdaletin Y\u00fczy\u0131l\u0131\u201d<\/strong> hedefi do\u011frultusunda g\u00fc\u00e7l\u00fc hukuk d\u00fczeninin olu\u015fturulmas\u0131 i\u00e7in avukatlarla birlikte \u00e7al\u0131\u015fmaya devam edeceklerini s\u00f6yledi.<span class=\"Apple-converted-space\">\u00a0<\/span><\/p>\n<p><strong>ET\u0130KETLER: #Ak\u0131nG\u00fcrlek #AdaletBakanl\u0131\u011f\u0131 #\u0130stanbul2NoluBarosu #YeniAvukatl\u0131kKanunu #Avukatl\u0131kKanunu #Avukatlar #AdliY\u0131l #SivilAnayas<\/strong>a #Yarg\u0131<\/p>\n<p>Adalet Bakan\u0131 Ak\u0131n G\u00fcrlek, \u0130stanbul 2 Nolu Barosu\u2019nun adli y\u0131l a\u00e7\u0131l\u0131\u015f program\u0131nda avukatlar\u0131 yak\u0131ndan ilgilendiren yeni d\u00fczenlemeleri a\u00e7\u0131klad\u0131. Yeni Avukatl\u0131k Kanunu kapsam\u0131nda bilgi ve belgeye eri\u015fim yetkilerinin geni\u015fletilmesinden gen\u00e7 avukatlara verilecek desteklere, kamu avukatlar\u0131 ile ba\u015fka bir avukat\u0131n yan\u0131nda \u00e7al\u0131\u015fan meslek mensuplar\u0131n\u0131n mali ve \u00f6zl\u00fck haklar\u0131n\u0131n iyile\u015ftirilmesine kadar bir\u00e7ok \u00e7al\u0131\u015fma y\u00fcr\u00fct\u00fcld\u00fc\u011f\u00fcn\u00fc bildird\u00a0<a href=\"https:\/\/www.son.tv\/adalet-bakani-akin-gurlekten-istanbul-2-nolu-baro-toplantisinda-avukatlara-pes-pese-mujdeli-aciklamalar-geldi\/\" target=\"_blank\" class=\"feedzy-rss-link-icon\">Read More<\/a><\/p>","protected":false},"excerpt":{"rendered":"<p>\u00a0 SON.TV\/\u0130STANBUL Adalet Bakan\u0131 Ak\u0131n G\u00fcrlek, \u0130stanbul 2 Nolu Barosu taraf\u0131ndan d\u00fczenlenen 2026-2027 adli y\u0131l a\u00e7\u0131l\u0131\u015f program\u0131na kat\u0131ld\u0131. \u0130stanbul \u00dcniversitesi Cemil Bilsel Konferans Salonu\u2019nda ger\u00e7ekle\u015ftirilen programda konu\u015fan G\u00fcrlek, yeni d\u00f6nemde hem avukatl\u0131k mesle\u011fini hem de yarg\u0131 sistemini ilgilendiren \u00e7al\u0131\u015fmalar hakk\u0131nda de\u011ferlendirmelerde bulundu.\u00a0 S\u0130V\u0130L ANAYASA MESAJI G\u00fcrlek, T\u00fcrkiye\u2019nin yeni ve sivil bir anayasa hedefi do\u011frultusunda \u00e7al\u0131\u015fmalar\u0131n\u0131 [&hellip;]<\/p>\n","protected":false},"author":1,"featured_media":0,"comment_status":"open","ping_status":"open","sticky":false,"template":"","format":"standard","meta":{"footnotes":"","_links_to":"","_links_to_target":""},"categories":[1],"tags":[],"class_list":["post-42648","post","type-post","status-publish","format-standard","hentry","category-haberler"],"_links":{"self":[{"href":"https:\/\/www.abchukuk.com\/index.php\/wp-json\/wp\/v2\/posts\/42648","targetHints":{"allow":["GET"]}}],"collection":[{"href":"https:\/\/www.abchukuk.com\/index.php\/wp-json\/wp\/v2\/posts"}],"about":[{"href":"https:\/\/www.abchukuk.com\/index.php\/wp-json\/wp\/v2\/types\/post"}],"author":[{"embeddable":true,"href":"https:\/\/www.abchukuk.com\/index.php\/wp-json\/wp\/v2\/users\/1"}],"replies":[{"embeddable":true,"href":"https:\/\/www.abchukuk.com\/index.php\/wp-json\/wp\/v2\/comments?post=42648"}],"version-history":[{"count":0,"href":"https:\/\/www.abchukuk.com\/index.php\/wp-json\/wp\/v2\/posts\/42648\/revisions"}],"wp:attachment":[{"href":"https:\/\/www.abchukuk.com\/index.php\/wp-json\/wp\/v2\/media?parent=42648"}],"wp:term":[{"taxonomy":"category","embeddable":true,"href":"https:\/\/www.abchukuk.com\/index.php\/wp-json\/wp\/v2\/categories?post=42648"},{"taxonomy":"post_tag","embeddable":true,"href":"https:\/\/www.abchukuk.com\/index.php\/wp-json\/wp\/v2\/tags?post=42648"}],"curies":[{"name":"wp","href":"https:\/\/api.w.org\/{rel}","templated":true}]}}