{"id":42646,"date":"2026-09-05T17:58:27","date_gmt":"2026-09-05T17:58:27","guid":{"rendered":"https:\/\/www.abchukuk.com\/index.php\/2026\/09\/05\/hsk-uyesi-serdar-atesten-mardin-adliyesine-ziyaret-yargi-hizmetleri-ve-adliyenin-ihtiyaclari-masaya-yatirildi\/"},"modified":"2026-09-05T17:58:27","modified_gmt":"2026-09-05T17:58:27","slug":"hsk-uyesi-serdar-atesten-mardin-adliyesine-ziyaret-yargi-hizmetleri-ve-adliyenin-ihtiyaclari-masaya-yatirildi","status":"publish","type":"post","link":"https:\/\/www.abchukuk.com\/index.php\/2026\/09\/05\/hsk-uyesi-serdar-atesten-mardin-adliyesine-ziyaret-yargi-hizmetleri-ve-adliyenin-ihtiyaclari-masaya-yatirildi\/","title":{"rendered":"HSK \u00dcyesi Serdar Ate\u015f\u2019ten Mardin Adliyesine ziyaret: Yarg\u0131 hizmetleri ve adliyenin ihtiya\u00e7lar\u0131 masaya yat\u0131r\u0131ld\u0131"},"content":{"rendered":"<p>\u00a0<\/p>\n<p><strong>SON.TV\/MARD\u0130N<\/strong><\/p>\n<p><strong>H\u00e2kimler ve Savc\u0131lar Kurulu<\/strong>\u2019nun yarg\u0131 te\u015fkilat\u0131na y\u00f6nelik ziyaretleri s\u00fcr\u00fcyor. <strong>HSK \u0130kinci Daire \u00dcyesi Serdar Ate\u015f,<\/strong> bu kapsamda <strong>Mardin Adliyesi<\/strong>ni ziyaret etti.<\/p>\n<p><img fetchpriority=\"high\" decoding=\"async\" class=\"alignnone size-medium wp-image-197872\" src=\"https:\/\/www.son.tv\/wp-content\/uploads\/2026\/09\/IMG_8875-300x200.jpeg\" alt=\"\" width=\"300\" height=\"200\" \/><\/p>\n<p><strong>Ate\u015f<\/strong>\u2019i adliyeye geli\u015finde <strong>Mardin Cumhuriyet Ba\u015fsavc\u0131s\u0131 Hakan Hanay, Adalet Komisyonu Ba\u015fkan\u0131 Ramazan Yurteri,<\/strong> h\u00e2kimler, Cumhuriyet savc\u0131lar\u0131 ve adliye personeli kar\u015f\u0131lad\u0131.<span class=\"Apple-converted-space\">\u00a0<\/span><\/p>\n<p><img loading=\"lazy\" decoding=\"async\" loading=\"lazy\" class=\"alignnone size-medium wp-image-197873\" src=\"https:\/\/www.son.tv\/wp-content\/uploads\/2026\/09\/IMG_8878-300x200.jpeg\" alt=\"\" width=\"300\" height=\"200\" \/><\/p>\n<p><strong>YARGI H\u0130ZMETLER\u0130 ELE ALINDI<\/strong><\/p>\n<p>Adliyedeki \u00e7al\u0131\u015fmalar hakk\u0131nda bilgi alan <strong>Serdar Ate\u015f,<\/strong> b\u00f6lgedeki adli te\u015fkilat\u0131n faaliyetlerini yak\u0131ndan inceledi.<\/p>\n<p>Ger\u00e7ekle\u015ftirilen g\u00f6r\u00fc\u015fmelerde yarg\u0131 s\u00fcre\u00e7lerinin etkinli\u011fi, adli hizmetlerin niteli\u011finin art\u0131r\u0131lmas\u0131na y\u00f6nelik \u00e7al\u0131\u015fmalar ve Mardin Adliyesinin ihtiya\u00e7lar\u0131 \u00fczerinde duruldu.<\/p>\n<p>Adli hizmetlerin daha etkin y\u00fcr\u00fct\u00fclmesine ili\u015fkin g\u00f6r\u00fc\u015f al\u0131\u015fveri\u015finde bulunuldu.<\/p>\n<p><img loading=\"lazy\" decoding=\"async\" loading=\"lazy\" class=\"alignnone size-medium wp-image-197874\" src=\"https:\/\/www.son.tv\/wp-content\/uploads\/2026\/09\/IMG_8876-300x200.jpeg\" alt=\"\" width=\"300\" height=\"200\" \/><\/p>\n<p><strong>BA\u015eSAVCI HANAY\u2019LA G\u00d6R\u00dc\u015eT\u00dc<\/strong><\/p>\n<p><strong>HSK \u00dcyesi Ate\u015f,<\/strong> ziyaret kapsam\u0131nda <strong>Mardin<\/strong> <strong>Cumhuriyet Ba\u015fsavc\u0131s\u0131 Hakan Hanay ve Adalet Komisyonu Ba\u015fkan\u0131 Ramazan Yurteri<\/strong> ile bir araya geldi.<\/p>\n<p><strong>Hakan Hanay,<\/strong> HSK\u2019nin 12 Haziran 2026 tarihli yaz kararnamesiyle \u0130stanbul Cumhuriyet Ba\u015fsavc\u0131 Vekilli\u011finden Mardin Cumhuriyet Ba\u015fsavc\u0131l\u0131\u011f\u0131na atanm\u0131\u015ft\u0131. HSK\u2019nin s\u00f6z konusu kararnamesinde adli yarg\u0131da 4 bin 608, idari yarg\u0131da 359 olmak \u00fczere toplam 4 bin 967 h\u00e2kim ve savc\u0131n\u0131n g\u00f6rev yeri de\u011fi\u015ftirilmi\u015f, 33 ilin Cumhuriyet ba\u015fsavc\u0131l\u0131\u011f\u0131nda de\u011fi\u015fikli\u011fe gidilmi\u015fti.<span class=\"Apple-converted-space\">\u00a0<\/span><\/p>\n<p><img loading=\"lazy\" decoding=\"async\" loading=\"lazy\" class=\"alignnone size-medium wp-image-197876\" src=\"https:\/\/www.son.tv\/wp-content\/uploads\/2026\/09\/IMG_8879-300x200.jpeg\" alt=\"\" width=\"300\" height=\"200\" \/><\/p>\n<p><strong>ATE\u015e\u2019\u0130N ADL\u0130YE Z\u0130YARETLER\u0130 S\u00dcR\u00dcYOR<\/strong><\/p>\n<p><strong>HSK \u0130kinci Daire \u00dcyesi Serdar Ate\u015f\u2019<\/strong>in ziyareti, yarg\u0131 te\u015fkilat\u0131ndaki i\u015fleyi\u015fin yerinde incelenmesi ve adliyelerin ihtiya\u00e7lar\u0131n\u0131n de\u011ferlendirilmesi kapsam\u0131nda ger\u00e7ekle\u015ftirildi.<\/p>\n<p><img loading=\"lazy\" decoding=\"async\" loading=\"lazy\" class=\"alignnone size-medium wp-image-197877\" src=\"https:\/\/www.son.tv\/wp-content\/uploads\/2026\/09\/IMG_8881-300x200.jpeg\" alt=\"\" width=\"300\" height=\"200\" \/><\/p>\n<p><strong>Ate\u015f, Mardin Adliyesi<\/strong>ndeki temaslar\u0131n\u0131n ard\u0131ndan adli te\u015fkilatta y\u00fcr\u00fct\u00fclen \u00e7al\u0131\u015fmalar hakk\u0131nda de\u011ferlendirmelerde bulundu.<\/p>\n<p><strong>ET\u0130KETLER:<\/strong><br \/>\n<strong>#SerdarAte\u015f #HSK #Mardin #MardinAdliyesi #HakanHanay #RamazanYurteri #Yarg\u0131 #SonTV<\/strong><\/p>\n<p>H\u00e2kimler ve Savc\u0131lar Kurulu \u0130kinci Daire \u00dcyesi Serdar Ate\u015f, Mardin Adliyesini ziyaret ederek yarg\u0131 hizmetleri ve adliyede y\u00fcr\u00fct\u00fclen \u00e7al\u0131\u015fmalar hakk\u0131nda bilgi ald\u0131. Ate\u015f\u2019in ziyaretinde, adli hizmetlerin i\u015fleyi\u015fi ile adliyenin ihtiya\u00e7lar\u0131 ele al\u0131nd\u0131.\u00a0<a href=\"https:\/\/www.son.tv\/hsk-uyesi-serdar-atesten-mardin-adliyesine-ziyaret-yargi-hizmetleri-ve-adliyenin-ihtiyaclari-masaya-yatirildi\/\" target=\"_blank\" class=\"feedzy-rss-link-icon\">Read More<\/a><\/p>","protected":false},"excerpt":{"rendered":"<p>\u00a0 SON.TV\/MARD\u0130N H\u00e2kimler ve Savc\u0131lar Kurulu\u2019nun yarg\u0131 te\u015fkilat\u0131na y\u00f6nelik ziyaretleri s\u00fcr\u00fcyor. HSK \u0130kinci Daire \u00dcyesi Serdar Ate\u015f, bu kapsamda Mardin Adliyesini ziyaret etti. Ate\u015f\u2019i adliyeye geli\u015finde Mardin Cumhuriyet Ba\u015fsavc\u0131s\u0131 Hakan Hanay, Adalet Komisyonu Ba\u015fkan\u0131 Ramazan Yurteri, h\u00e2kimler, Cumhuriyet savc\u0131lar\u0131 ve adliye personeli kar\u015f\u0131lad\u0131.\u00a0 YARGI H\u0130ZMETLER\u0130 ELE ALINDI Adliyedeki \u00e7al\u0131\u015fmalar hakk\u0131nda bilgi alan Serdar Ate\u015f, b\u00f6lgedeki [&hellip;]<\/p>\n","protected":false},"author":1,"featured_media":42647,"comment_status":"open","ping_status":"open","sticky":false,"template":"","format":"standard","meta":{"footnotes":"","_links_to":"","_links_to_target":""},"categories":[1],"tags":[],"class_list":["post-42646","post","type-post","status-publish","format-standard","has-post-thumbnail","hentry","category-haberler"],"_links":{"self":[{"href":"https:\/\/www.abchukuk.com\/index.php\/wp-json\/wp\/v2\/posts\/42646","targetHints":{"allow":["GET"]}}],"collection":[{"href":"https:\/\/www.abchukuk.com\/index.php\/wp-json\/wp\/v2\/posts"}],"about":[{"href":"https:\/\/www.abchukuk.com\/index.php\/wp-json\/wp\/v2\/types\/post"}],"author":[{"embeddable":true,"href":"https:\/\/www.abchukuk.com\/index.php\/wp-json\/wp\/v2\/users\/1"}],"replies":[{"embeddable":true,"href":"https:\/\/www.abchukuk.com\/index.php\/wp-json\/wp\/v2\/comments?post=42646"}],"version-history":[{"count":0,"href":"https:\/\/www.abchukuk.com\/index.php\/wp-json\/wp\/v2\/posts\/42646\/revisions"}],"wp:featuredmedia":[{"embeddable":true,"href":"https:\/\/www.abchukuk.com\/index.php\/wp-json\/wp\/v2\/media\/42647"}],"wp:attachment":[{"href":"https:\/\/www.abchukuk.com\/index.php\/wp-json\/wp\/v2\/media?parent=42646"}],"wp:term":[{"taxonomy":"category","embeddable":true,"href":"https:\/\/www.abchukuk.com\/index.php\/wp-json\/wp\/v2\/categories?post=42646"},{"taxonomy":"post_tag","embeddable":true,"href":"https:\/\/www.abchukuk.com\/index.php\/wp-json\/wp\/v2\/tags?post=42646"}],"curies":[{"name":"wp","href":"https:\/\/api.w.org\/{rel}","templated":true}]}}