{"id":42643,"date":"2026-09-05T18:40:45","date_gmt":"2026-09-05T18:40:45","guid":{"rendered":"https:\/\/www.abchukuk.com\/index.php\/2026\/09\/05\/sivasta-yeni-adli-yil-bulusmasi-gerceklesiyor-hsk-uyesi-hakan-yuksel-de-katiliyor\/"},"modified":"2026-09-05T18:40:45","modified_gmt":"2026-09-05T18:40:45","slug":"sivasta-yeni-adli-yil-bulusmasi-gerceklesiyor-hsk-uyesi-hakan-yuksel-de-katiliyor","status":"publish","type":"post","link":"https:\/\/www.abchukuk.com\/index.php\/2026\/09\/05\/sivasta-yeni-adli-yil-bulusmasi-gerceklesiyor-hsk-uyesi-hakan-yuksel-de-katiliyor\/","title":{"rendered":"Sivas\u2019ta  yeni adli y\u0131l bulu\u015fmas\u0131 ger\u00e7ekle\u015fiyor! HSK \u00dcyesi Hakan Y\u00fcksel de kat\u0131l\u0131yor!"},"content":{"rendered":"<p><strong>SON.TV\/S\u0130VAS<\/strong><\/p>\n<p><strong>Su\u015fehri Adalet Saray\u0131, 7 Eyl\u00fcl 2026 Pazartesi<\/strong> g\u00fcn\u00fc yeni adli y\u0131l a\u00e7\u0131l\u0131\u015f program\u0131na ev sahipli\u011fi yapacak. Saat 11.30\u2019da ba\u015flayacak program \u00f6ncesinde il\u00e7ede haz\u0131rl\u0131klar\u0131n s\u00fcrd\u00fc\u011f\u00fc \u00f6\u011frenildi.<\/p>\n<p><strong>HSK \u00dcYES\u0130 HAKAN Y\u00dcKSEL\u2019\u0130N DE KATILACA\u011eI \u0130FADE ED\u0130LD\u0130<\/strong><\/p>\n<p>Edinilen bilgilere g\u00f6re toplant\u0131ya <strong>H\u00e2kimler ve Savc\u0131lar Kurulu \u00dcyesi Hakan Y\u00fcksel\u2019<\/strong>in de gelece\u011fi ifade edildi. Programda <strong>HSK<\/strong> \u00fcyeleri ile yarg\u0131 mensuplar\u0131n\u0131n bir araya gelmesi bekleniyor.<\/p>\n<p><strong>EL\u0130F SULTAN DEN\u0130Z KOM\u0130SYON BA\u015eKANI<\/strong><\/p>\n<p><strong>Su\u015fehri Adalet Komisyonu Ba\u015fkan\u0131 Elif Sultan Deniz ile Su\u015fehri Cumhuriyet Ba\u015fsavc\u0131s\u0131 Emre Polat<\/strong>\u2019\u0131n ev sahipli\u011finde ger\u00e7ekle\u015ftirilecek a\u00e7\u0131l\u0131\u015f program\u0131na yarg\u0131 ve il\u00e7e protokol\u00fcnden de kat\u0131l\u0131m olmas\u0131 bekleniyor.<\/p>\n<p><strong>SU\u015eEHR\u0130 A\u011eIR CEZA MERKEZ\u0130 OLMU\u015eTU<\/strong><\/p>\n<p><strong>HSK<\/strong> taraf\u0131ndan k\u0131sa s\u00fcre \u00f6nce <strong>A\u011f\u0131r Ceza Merkezi<\/strong> olarak belirlenen <strong>Su\u015fehri<\/strong>\u2019nde, yeni yap\u0131lanman\u0131n ard\u0131ndan ger\u00e7ekle\u015ftirilecek adli y\u0131l a\u00e7\u0131l\u0131\u015f\u0131 da ilk \u00f6nemli yarg\u0131 bulu\u015fmalar\u0131ndan biri olacak.<\/p>\n<p><strong>Program, 7 Eyl\u00fcl Pazartesi g\u00fcn\u00fc saat 11.30\u2019da Su\u015fehri Adalet Saray\u0131\u2019nda ger\u00e7ekle\u015ftirilecek.<\/strong><\/p>\n<p><strong>ET\u0130KETLER: #Su\u015fehri #HSK #HakanY\u00fcksel #ElifSultanDeniz #EmrePolat #AdliY\u0131l #Sivas #Yarg\u0131<\/strong><\/p>\n<p>Su\u015fehri\u2019nde 2026-2027 Adli Y\u0131l\u0131\u2019n\u0131n a\u00e7\u0131l\u0131\u015f\u0131 i\u00e7in haz\u0131rl\u0131klar s\u00fcr\u00fcyor. K\u0131sa s\u00fcre \u00f6nce A\u011f\u0131r Ceza Merkezi haline getirilen Su\u015fehri\u2019nde d\u00fczenlenecek programa yarg\u0131 te\u015fkilat\u0131ndan \u00f6nemli isimlerin kat\u0131lmas\u0131 bekleniyor.\u00a0<a href=\"https:\/\/www.son.tv\/sivasta-yeni-adli-yil-bulusmasi-gerceklesiyor-hsk-uyesi-hakan-yuksel-de-katiliyor\/\" target=\"_blank\" class=\"feedzy-rss-link-icon\">Read More<\/a><\/p>","protected":false},"excerpt":{"rendered":"<p>SON.TV\/S\u0130VAS Su\u015fehri Adalet Saray\u0131, 7 Eyl\u00fcl 2026 Pazartesi g\u00fcn\u00fc yeni adli y\u0131l a\u00e7\u0131l\u0131\u015f program\u0131na ev sahipli\u011fi yapacak. Saat 11.30\u2019da ba\u015flayacak program \u00f6ncesinde il\u00e7ede haz\u0131rl\u0131klar\u0131n s\u00fcrd\u00fc\u011f\u00fc \u00f6\u011frenildi. HSK \u00dcYES\u0130 HAKAN Y\u00dcKSEL\u2019\u0130N DE KATILACA\u011eI \u0130FADE ED\u0130LD\u0130 Edinilen bilgilere g\u00f6re toplant\u0131ya H\u00e2kimler ve Savc\u0131lar Kurulu \u00dcyesi Hakan Y\u00fcksel\u2019in de gelece\u011fi ifade edildi. Programda HSK \u00fcyeleri ile yarg\u0131 mensuplar\u0131n\u0131n [&hellip;]<\/p>\n","protected":false},"author":1,"featured_media":0,"comment_status":"open","ping_status":"open","sticky":false,"template":"","format":"standard","meta":{"footnotes":"","_links_to":"","_links_to_target":""},"categories":[1],"tags":[],"class_list":["post-42643","post","type-post","status-publish","format-standard","hentry","category-haberler"],"_links":{"self":[{"href":"https:\/\/www.abchukuk.com\/index.php\/wp-json\/wp\/v2\/posts\/42643","targetHints":{"allow":["GET"]}}],"collection":[{"href":"https:\/\/www.abchukuk.com\/index.php\/wp-json\/wp\/v2\/posts"}],"about":[{"href":"https:\/\/www.abchukuk.com\/index.php\/wp-json\/wp\/v2\/types\/post"}],"author":[{"embeddable":true,"href":"https:\/\/www.abchukuk.com\/index.php\/wp-json\/wp\/v2\/users\/1"}],"replies":[{"embeddable":true,"href":"https:\/\/www.abchukuk.com\/index.php\/wp-json\/wp\/v2\/comments?post=42643"}],"version-history":[{"count":0,"href":"https:\/\/www.abchukuk.com\/index.php\/wp-json\/wp\/v2\/posts\/42643\/revisions"}],"wp:attachment":[{"href":"https:\/\/www.abchukuk.com\/index.php\/wp-json\/wp\/v2\/media?parent=42643"}],"wp:term":[{"taxonomy":"category","embeddable":true,"href":"https:\/\/www.abchukuk.com\/index.php\/wp-json\/wp\/v2\/categories?post=42643"},{"taxonomy":"post_tag","embeddable":true,"href":"https:\/\/www.abchukuk.com\/index.php\/wp-json\/wp\/v2\/tags?post=42643"}],"curies":[{"name":"wp","href":"https:\/\/api.w.org\/{rel}","templated":true}]}}