{"id":42641,"date":"2026-09-05T18:45:54","date_gmt":"2026-09-05T18:45:54","guid":{"rendered":"https:\/\/www.abchukuk.com\/index.php\/2026\/09\/05\/uskudar-belediyesi-sorusturmasinda-sicak-gelisme-3-isim-icin-tutuklama-talebi\/"},"modified":"2026-09-05T18:45:54","modified_gmt":"2026-09-05T18:45:54","slug":"uskudar-belediyesi-sorusturmasinda-sicak-gelisme-3-isim-icin-tutuklama-talebi","status":"publish","type":"post","link":"https:\/\/www.abchukuk.com\/index.php\/2026\/09\/05\/uskudar-belediyesi-sorusturmasinda-sicak-gelisme-3-isim-icin-tutuklama-talebi\/","title":{"rendered":"\u00dcsk\u00fcdar Belediyesi Soru\u015fturmas\u0131nda S\u0131cak Geli\u015fme: 3 \u0130sim \u0130\u00e7in Tutuklama Talebi"},"content":{"rendered":"<p><a href=\"https:\/\/www.gercekgundem.com\/guncel\/uskudar-belediyesi-sorusturmasinda-sicak-gelisme-3-isim-icin-tutuklama-talebi-578103\"><br \/>\n                                                            <img decoding=\"async\" src=\"https:\/\/i.gercekgundem.com\/2\/150\/84\/storage\/files\/images\/2026\/09\/05\/uskudar-belediyesi-sorusturmasinda-sicak-gelisme-3-isim-icin-tutuklama-talebi-voue.jpg\" width=\"150\" height=\"84\" border=\"0\" align=\"right\" \/><br \/>\n                                                    <\/a><\/p>\n<h4>\u0130stanbul Anadolu Cumhuriyet Ba\u015fsavc\u0131l\u0131\u011f\u0131n\u0131n \u00dcsk\u00fcdar Belediyesine y\u00f6nelik soru\u015fturmas\u0131nda Belediye Ba\u015fkan Yard\u0131mc\u0131s\u0131 Amine Cansu \u00c7elik, Ruhsat M\u00fcd\u00fcr\u00fc Burak Ayd\u0131n ve i\u015fletmeci Erdem Koyunyerli tutuklama talebiyle hakimli\u011fe sevk edildi.<\/h4>\n<p>\u0130stanbul Anadolu Cumhuriyet Ba\u015fsavc\u0131l\u0131\u011f\u0131n\u0131n \u00dcsk\u00fcdar Belediyesine y\u00f6nelik soru\u015fturmas\u0131nda Belediye Ba\u015fkan Yard\u0131mc\u0131s\u0131 Amine Cansu \u00c7elik, Ruhsat M\u00fcd\u00fcr\u00fc Burak Ayd\u0131n ve i\u015fletmeci Erdem Koyunyerli tutuklama talebiyle hakimli\u011fe sevk edildi.\u00a0<a href=\"https:\/\/www.gercekgundem.com\/guncel\/uskudar-belediyesi-sorusturmasinda-sicak-gelisme-3-isim-icin-tutuklama-talebi-578103\" target=\"_blank\" class=\"feedzy-rss-link-icon\">Read More<\/a><\/p>","protected":false},"excerpt":{"rendered":"<p>\u0130stanbul Anadolu Cumhuriyet Ba\u015fsavc\u0131l\u0131\u011f\u0131n\u0131n \u00dcsk\u00fcdar Belediyesine y\u00f6nelik soru\u015fturmas\u0131nda Belediye Ba\u015fkan Yard\u0131mc\u0131s\u0131 Amine Cansu \u00c7elik, Ruhsat M\u00fcd\u00fcr\u00fc Burak Ayd\u0131n ve i\u015fletmeci Erdem Koyunyerli tutuklama talebiyle hakimli\u011fe sevk edildi. \u0130stanbul Anadolu Cumhuriyet Ba\u015fsavc\u0131l\u0131\u011f\u0131n\u0131n \u00dcsk\u00fcdar Belediyesine y\u00f6nelik soru\u015fturmas\u0131nda Belediye Ba\u015fkan Yard\u0131mc\u0131s\u0131 Amine Cansu \u00c7elik, Ruhsat M\u00fcd\u00fcr\u00fc Burak Ayd\u0131n ve i\u015fletmeci Erdem Koyunyerli tutuklama talebiyle hakimli\u011fe sevk edildi.\u00a0Read More<\/p>\n","protected":false},"author":1,"featured_media":42642,"comment_status":"open","ping_status":"open","sticky":false,"template":"","format":"standard","meta":{"footnotes":"","_links_to":"","_links_to_target":""},"categories":[1],"tags":[],"class_list":["post-42641","post","type-post","status-publish","format-standard","has-post-thumbnail","hentry","category-haberler"],"_links":{"self":[{"href":"https:\/\/www.abchukuk.com\/index.php\/wp-json\/wp\/v2\/posts\/42641","targetHints":{"allow":["GET"]}}],"collection":[{"href":"https:\/\/www.abchukuk.com\/index.php\/wp-json\/wp\/v2\/posts"}],"about":[{"href":"https:\/\/www.abchukuk.com\/index.php\/wp-json\/wp\/v2\/types\/post"}],"author":[{"embeddable":true,"href":"https:\/\/www.abchukuk.com\/index.php\/wp-json\/wp\/v2\/users\/1"}],"replies":[{"embeddable":true,"href":"https:\/\/www.abchukuk.com\/index.php\/wp-json\/wp\/v2\/comments?post=42641"}],"version-history":[{"count":0,"href":"https:\/\/www.abchukuk.com\/index.php\/wp-json\/wp\/v2\/posts\/42641\/revisions"}],"wp:featuredmedia":[{"embeddable":true,"href":"https:\/\/www.abchukuk.com\/index.php\/wp-json\/wp\/v2\/media\/42642"}],"wp:attachment":[{"href":"https:\/\/www.abchukuk.com\/index.php\/wp-json\/wp\/v2\/media?parent=42641"}],"wp:term":[{"taxonomy":"category","embeddable":true,"href":"https:\/\/www.abchukuk.com\/index.php\/wp-json\/wp\/v2\/categories?post=42641"},{"taxonomy":"post_tag","embeddable":true,"href":"https:\/\/www.abchukuk.com\/index.php\/wp-json\/wp\/v2\/tags?post=42641"}],"curies":[{"name":"wp","href":"https:\/\/api.w.org\/{rel}","templated":true}]}}