{"id":42637,"date":"2026-09-05T15:11:00","date_gmt":"2026-09-05T15:11:00","guid":{"rendered":"https:\/\/www.abchukuk.com\/index.php\/2026\/09\/05\/sarkici-tugba-ekincinin-de-aralarinda-bulundugu-5-kisi-gozaltina-alindi\/"},"modified":"2026-09-05T15:11:00","modified_gmt":"2026-09-05T15:11:00","slug":"sarkici-tugba-ekincinin-de-aralarinda-bulundugu-5-kisi-gozaltina-alindi","status":"publish","type":"post","link":"https:\/\/www.abchukuk.com\/index.php\/2026\/09\/05\/sarkici-tugba-ekincinin-de-aralarinda-bulundugu-5-kisi-gozaltina-alindi\/","title":{"rendered":"\u015eark\u0131c\u0131 Tu\u011fba Ekinci&#8217;nin de aralar\u0131nda bulundu\u011fu 5 ki\u015fi g\u00f6zalt\u0131na al\u0131nd\u0131"},"content":{"rendered":"<p>Sosyal medya \u00fczerinden \u00fccret kar\u015f\u0131l\u0131\u011f\u0131 m\u00fcstehcen i\u00e7erik payla\u015ft\u0131klar\u0131 iddias\u0131yla 5 ki\u015fi g\u00f6zalt\u0131na al\u0131nd\u0131. G\u00f6zalt\u0131na al\u0131nanlar aras\u0131nda \u015fark\u0131c\u0131 Tu\u011fba Ekinci de var.Sosyal medya \u00fczerinden \u00fccret kar\u015f\u0131l\u0131\u011f\u0131 m\u00fcstehcen i\u00e7erik payla\u015ft\u0131klar\u0131 iddias\u0131yla 5 ki\u015fi g\u00f6zalt\u0131na al\u0131nd\u0131. G\u00f6zalt\u0131na al\u0131nanlar aras\u0131nda \u015fark\u0131c\u0131 Tu\u011fba Ekinci de var.\u00a0<a href=\"https:\/\/www.cumhuriyet.com.tr\/turkiye\/aralarinda-tugba-ekinci-nin-de-oldugu-5-kisi-gozaltina-alindi-2535162\" target=\"_blank\" class=\"feedzy-rss-link-icon\">Read More<\/a><\/p>","protected":false},"excerpt":{"rendered":"<p>Sosyal medya \u00fczerinden \u00fccret kar\u015f\u0131l\u0131\u011f\u0131 m\u00fcstehcen i\u00e7erik payla\u015ft\u0131klar\u0131 iddias\u0131yla 5 ki\u015fi g\u00f6zalt\u0131na al\u0131nd\u0131. G\u00f6zalt\u0131na al\u0131nanlar aras\u0131nda \u015fark\u0131c\u0131 Tu\u011fba Ekinci de var.Sosyal medya \u00fczerinden \u00fccret kar\u015f\u0131l\u0131\u011f\u0131 m\u00fcstehcen i\u00e7erik payla\u015ft\u0131klar\u0131 iddias\u0131yla 5 ki\u015fi g\u00f6zalt\u0131na al\u0131nd\u0131. G\u00f6zalt\u0131na al\u0131nanlar aras\u0131nda \u015fark\u0131c\u0131 Tu\u011fba Ekinci de var.\u00a0Read More<\/p>\n","protected":false},"author":1,"featured_media":42638,"comment_status":"open","ping_status":"open","sticky":false,"template":"","format":"standard","meta":{"footnotes":"","_links_to":"","_links_to_target":""},"categories":[1],"tags":[],"class_list":["post-42637","post","type-post","status-publish","format-standard","has-post-thumbnail","hentry","category-haberler"],"_links":{"self":[{"href":"https:\/\/www.abchukuk.com\/index.php\/wp-json\/wp\/v2\/posts\/42637","targetHints":{"allow":["GET"]}}],"collection":[{"href":"https:\/\/www.abchukuk.com\/index.php\/wp-json\/wp\/v2\/posts"}],"about":[{"href":"https:\/\/www.abchukuk.com\/index.php\/wp-json\/wp\/v2\/types\/post"}],"author":[{"embeddable":true,"href":"https:\/\/www.abchukuk.com\/index.php\/wp-json\/wp\/v2\/users\/1"}],"replies":[{"embeddable":true,"href":"https:\/\/www.abchukuk.com\/index.php\/wp-json\/wp\/v2\/comments?post=42637"}],"version-history":[{"count":0,"href":"https:\/\/www.abchukuk.com\/index.php\/wp-json\/wp\/v2\/posts\/42637\/revisions"}],"wp:featuredmedia":[{"embeddable":true,"href":"https:\/\/www.abchukuk.com\/index.php\/wp-json\/wp\/v2\/media\/42638"}],"wp:attachment":[{"href":"https:\/\/www.abchukuk.com\/index.php\/wp-json\/wp\/v2\/media?parent=42637"}],"wp:term":[{"taxonomy":"category","embeddable":true,"href":"https:\/\/www.abchukuk.com\/index.php\/wp-json\/wp\/v2\/categories?post=42637"},{"taxonomy":"post_tag","embeddable":true,"href":"https:\/\/www.abchukuk.com\/index.php\/wp-json\/wp\/v2\/tags?post=42637"}],"curies":[{"name":"wp","href":"https:\/\/api.w.org\/{rel}","templated":true}]}}