{"id":42634,"date":"2026-09-05T15:32:00","date_gmt":"2026-09-05T15:32:00","guid":{"rendered":"https:\/\/www.abchukuk.com\/index.php\/2026\/09\/05\/tugba-ekinci-kimdir-kac-yasinda-nereli-sarkici-tugba-ekinci-neden-gozaltina-alindi\/"},"modified":"2026-09-05T15:32:00","modified_gmt":"2026-09-05T15:32:00","slug":"tugba-ekinci-kimdir-kac-yasinda-nereli-sarkici-tugba-ekinci-neden-gozaltina-alindi","status":"publish","type":"post","link":"https:\/\/www.abchukuk.com\/index.php\/2026\/09\/05\/tugba-ekinci-kimdir-kac-yasinda-nereli-sarkici-tugba-ekinci-neden-gozaltina-alindi\/","title":{"rendered":"Tu\u011fba Ekinci kimdir, ka\u00e7 ya\u015f\u0131nda, nereli? \u015eark\u0131c\u0131 Tu\u011fba Ekinci neden g\u00f6zalt\u0131na al\u0131nd\u0131?"},"content":{"rendered":"<p>Tu\u011fba Ekinci&#8217;nin kim oldu\u011fu ara\u015ft\u0131r\u0131l\u0131yor. K\u0131z\u0131lcahamam Cumhuriyet Ba\u015fsavc\u0131l\u0131\u011f\u0131 koordinesinde y\u00fcr\u00fct\u00fclen soru\u015fturma kapsam\u0131nda 5 ilde e\u015f zamanl\u0131 operasyon d\u00fczenlendi. Operasyonda \u015fark\u0131c\u0131 Tu\u011fba Ekinci\u2019nin de aralar\u0131nda bulundu\u011fu 5 \u015f\u00fcpheli g\u00f6zalt\u0131na al\u0131nd\u0131. Peki, Tu\u011fba Ekinci kimdir, ka\u00e7 ya\u015f\u0131nda, nereli? \u015eark\u0131c\u0131 Tu\u011fba Ekinci neden g\u00f6zalt\u0131na al\u0131nd\u0131?Tu\u011fba Ekinci&#8217;nin kim oldu\u011fu ara\u015ft\u0131r\u0131l\u0131yor. K\u0131z\u0131lcahamam Cumhuriyet Ba\u015fsavc\u0131l\u0131\u011f\u0131 koordinesinde y\u00fcr\u00fct\u00fclen soru\u015fturma kapsam\u0131nda 5 ilde e\u015f zamanl\u0131 operasyon d\u00fczenlendi. Operasyonda \u015fark\u0131c\u0131 Tu\u011fba Ekinci\u2019nin de aralar\u0131nda bulundu\u011fu 5 \u015f\u00fcpheli g\u00f6zalt\u0131na al\u0131nd\u0131. Peki, Tu\u011fba Ekinci kimdir, ka\u00e7 ya\u015f\u0131nda, nereli? \u015eark\u0131c\u0131 Tu\u011fba Ekinci neden g\u00f6zalt\u0131na al\u0131nd\u0131?\u00a0<a href=\"https:\/\/www.cumhuriyet.com.tr\/yasam\/tugba-ekinci-kimdir-kac-yasinda-nereli-sarkici-tugba-ekinci-neden-gozaltina-alindi-2535164\" target=\"_blank\" class=\"feedzy-rss-link-icon\">Read More<\/a><\/p>","protected":false},"excerpt":{"rendered":"<p>Tu\u011fba Ekinci&#8217;nin kim oldu\u011fu ara\u015ft\u0131r\u0131l\u0131yor. K\u0131z\u0131lcahamam Cumhuriyet Ba\u015fsavc\u0131l\u0131\u011f\u0131 koordinesinde y\u00fcr\u00fct\u00fclen soru\u015fturma kapsam\u0131nda 5 ilde e\u015f zamanl\u0131 operasyon d\u00fczenlendi. Operasyonda \u015fark\u0131c\u0131 Tu\u011fba Ekinci\u2019nin de aralar\u0131nda bulundu\u011fu 5 \u015f\u00fcpheli g\u00f6zalt\u0131na al\u0131nd\u0131. Peki, Tu\u011fba Ekinci kimdir, ka\u00e7 ya\u015f\u0131nda, nereli? \u015eark\u0131c\u0131 Tu\u011fba Ekinci neden g\u00f6zalt\u0131na al\u0131nd\u0131?Tu\u011fba Ekinci&#8217;nin kim oldu\u011fu ara\u015ft\u0131r\u0131l\u0131yor. K\u0131z\u0131lcahamam Cumhuriyet Ba\u015fsavc\u0131l\u0131\u011f\u0131 koordinesinde y\u00fcr\u00fct\u00fclen soru\u015fturma kapsam\u0131nda 5 ilde [&hellip;]<\/p>\n","protected":false},"author":1,"featured_media":42635,"comment_status":"open","ping_status":"open","sticky":false,"template":"","format":"standard","meta":{"footnotes":"","_links_to":"","_links_to_target":""},"categories":[1],"tags":[],"class_list":["post-42634","post","type-post","status-publish","format-standard","has-post-thumbnail","hentry","category-haberler"],"_links":{"self":[{"href":"https:\/\/www.abchukuk.com\/index.php\/wp-json\/wp\/v2\/posts\/42634","targetHints":{"allow":["GET"]}}],"collection":[{"href":"https:\/\/www.abchukuk.com\/index.php\/wp-json\/wp\/v2\/posts"}],"about":[{"href":"https:\/\/www.abchukuk.com\/index.php\/wp-json\/wp\/v2\/types\/post"}],"author":[{"embeddable":true,"href":"https:\/\/www.abchukuk.com\/index.php\/wp-json\/wp\/v2\/users\/1"}],"replies":[{"embeddable":true,"href":"https:\/\/www.abchukuk.com\/index.php\/wp-json\/wp\/v2\/comments?post=42634"}],"version-history":[{"count":0,"href":"https:\/\/www.abchukuk.com\/index.php\/wp-json\/wp\/v2\/posts\/42634\/revisions"}],"wp:featuredmedia":[{"embeddable":true,"href":"https:\/\/www.abchukuk.com\/index.php\/wp-json\/wp\/v2\/media\/42635"}],"wp:attachment":[{"href":"https:\/\/www.abchukuk.com\/index.php\/wp-json\/wp\/v2\/media?parent=42634"}],"wp:term":[{"taxonomy":"category","embeddable":true,"href":"https:\/\/www.abchukuk.com\/index.php\/wp-json\/wp\/v2\/categories?post=42634"},{"taxonomy":"post_tag","embeddable":true,"href":"https:\/\/www.abchukuk.com\/index.php\/wp-json\/wp\/v2\/tags?post=42634"}],"curies":[{"name":"wp","href":"https:\/\/api.w.org\/{rel}","templated":true}]}}