{"id":42632,"date":"2026-09-05T15:45:38","date_gmt":"2026-09-05T15:45:38","guid":{"rendered":"https:\/\/www.abchukuk.com\/index.php\/2026\/09\/05\/sarkici-tugba-ekincinin-de-aralarinda-oldugu-5-supheli-mustehcen-paylasim-iddiasiyla-gozaltina-alindi\/"},"modified":"2026-09-05T15:45:38","modified_gmt":"2026-09-05T15:45:38","slug":"sarkici-tugba-ekincinin-de-aralarinda-oldugu-5-supheli-mustehcen-paylasim-iddiasiyla-gozaltina-alindi","status":"publish","type":"post","link":"https:\/\/www.abchukuk.com\/index.php\/2026\/09\/05\/sarkici-tugba-ekincinin-de-aralarinda-oldugu-5-supheli-mustehcen-paylasim-iddiasiyla-gozaltina-alindi\/","title":{"rendered":"\u015eark\u0131c\u0131 Tu\u011fba Ekinci&#8217;nin de aralar\u0131nda oldu\u011fu 5 \u015f\u00fcpheli &#8216;m\u00fcstehcen payla\u015f\u0131m&#8217; iddias\u0131yla g\u00f6zalt\u0131na al\u0131nd\u0131"},"content":{"rendered":"<p>\u015eark\u0131c\u0131 Tu\u011fba Ekinci&#8217;nin de aralar\u0131nda oldu\u011fu 5 \u015f\u00fcpheli, sosyal medyada \u00fccret kar\u015f\u0131l\u0131\u011f\u0131 m\u00fcstehcen i\u00e7erik payla\u015ft\u0131klar\u0131 gerek\u00e7esiyle g\u00f6zalt\u0131na al\u0131nd\u0131.\u015eark\u0131c\u0131 Tu\u011fba Ekinci&#8217;nin de aralar\u0131nda oldu\u011fu 5 \u015f\u00fcpheli, sosyal medyada \u00fccret kar\u015f\u0131l\u0131\u011f\u0131 m\u00fcstehcen i\u00e7erik payla\u015ft\u0131klar\u0131 gerek\u00e7esiyle g\u00f6zalt\u0131na al\u0131nd\u0131.\u00a0<a href=\"https:\/\/anlatilaninotesi.com.tr\/20260905\/sarkici-tugba-ekincinin-de-aralarinda-oldugu-5-supheli-mustehcen-paylasim-iddiasiyla-gozaltina-1108525385.html\" target=\"_blank\" class=\"feedzy-rss-link-icon\">Read More<\/a><\/p>","protected":false},"excerpt":{"rendered":"<p>\u015eark\u0131c\u0131 Tu\u011fba Ekinci&#8217;nin de aralar\u0131nda oldu\u011fu 5 \u015f\u00fcpheli, sosyal medyada \u00fccret kar\u015f\u0131l\u0131\u011f\u0131 m\u00fcstehcen i\u00e7erik payla\u015ft\u0131klar\u0131 gerek\u00e7esiyle g\u00f6zalt\u0131na al\u0131nd\u0131.\u015eark\u0131c\u0131 Tu\u011fba Ekinci&#8217;nin de aralar\u0131nda oldu\u011fu 5 \u015f\u00fcpheli, sosyal medyada \u00fccret kar\u015f\u0131l\u0131\u011f\u0131 m\u00fcstehcen i\u00e7erik payla\u015ft\u0131klar\u0131 gerek\u00e7esiyle g\u00f6zalt\u0131na al\u0131nd\u0131.\u00a0Read More<\/p>\n","protected":false},"author":1,"featured_media":0,"comment_status":"open","ping_status":"open","sticky":false,"template":"","format":"standard","meta":{"footnotes":"","_links_to":"","_links_to_target":""},"categories":[1],"tags":[],"class_list":["post-42632","post","type-post","status-publish","format-standard","hentry","category-haberler"],"_links":{"self":[{"href":"https:\/\/www.abchukuk.com\/index.php\/wp-json\/wp\/v2\/posts\/42632","targetHints":{"allow":["GET"]}}],"collection":[{"href":"https:\/\/www.abchukuk.com\/index.php\/wp-json\/wp\/v2\/posts"}],"about":[{"href":"https:\/\/www.abchukuk.com\/index.php\/wp-json\/wp\/v2\/types\/post"}],"author":[{"embeddable":true,"href":"https:\/\/www.abchukuk.com\/index.php\/wp-json\/wp\/v2\/users\/1"}],"replies":[{"embeddable":true,"href":"https:\/\/www.abchukuk.com\/index.php\/wp-json\/wp\/v2\/comments?post=42632"}],"version-history":[{"count":0,"href":"https:\/\/www.abchukuk.com\/index.php\/wp-json\/wp\/v2\/posts\/42632\/revisions"}],"wp:attachment":[{"href":"https:\/\/www.abchukuk.com\/index.php\/wp-json\/wp\/v2\/media?parent=42632"}],"wp:term":[{"taxonomy":"category","embeddable":true,"href":"https:\/\/www.abchukuk.com\/index.php\/wp-json\/wp\/v2\/categories?post=42632"},{"taxonomy":"post_tag","embeddable":true,"href":"https:\/\/www.abchukuk.com\/index.php\/wp-json\/wp\/v2\/tags?post=42632"}],"curies":[{"name":"wp","href":"https:\/\/api.w.org\/{rel}","templated":true}]}}