{"id":42631,"date":"2026-09-05T15:56:12","date_gmt":"2026-09-05T15:56:12","guid":{"rendered":"https:\/\/www.abchukuk.com\/index.php\/2026\/09\/05\/flas-operasyon-para-karsiligi-mustehcen-icerik-sorusturmasi-sanatci-tugba-ekinci-dahil-5-supheli-gozaltinda\/"},"modified":"2026-09-05T15:56:12","modified_gmt":"2026-09-05T15:56:12","slug":"flas-operasyon-para-karsiligi-mustehcen-icerik-sorusturmasi-sanatci-tugba-ekinci-dahil-5-supheli-gozaltinda","status":"publish","type":"post","link":"https:\/\/www.abchukuk.com\/index.php\/2026\/09\/05\/flas-operasyon-para-karsiligi-mustehcen-icerik-sorusturmasi-sanatci-tugba-ekinci-dahil-5-supheli-gozaltinda\/","title":{"rendered":"FLA\u015e OPERASYON? Para kar\u015f\u0131l\u0131\u011f\u0131 m\u00fcstehcen i\u00e7erik soru\u015fturmas\u0131: Sanat\u00e7\u0131 Tu\u011fba Ekinci dahil 5 \u015f\u00fcpheli g\u00f6zalt\u0131nda!"},"content":{"rendered":"<p><strong>SON.TV\/ANKARA<\/strong><\/p>\n<p><strong>K\u0131z\u0131lcahamam Cumhuriyet Ba\u015fsavc\u0131l\u0131\u011f\u0131 koordinesinde, Ankara Emniyet M\u00fcd\u00fcrl\u00fc\u011f\u00fc Asayi\u015f \u015eube M\u00fcd\u00fcrl\u00fc\u011f\u00fcnce sosyal medya platformlar\u0131 \u00fczerinden \u201cm\u00fcstehcenlik\u201d su\u00e7una y\u00f6nelik y\u00fcr\u00fct\u00fclen \u00e7al\u0131\u015fmalar kapsam\u0131nda 5 ilde operasyon ger\u00e7ekle\u015ftirildi.<\/strong><\/p>\n<p>Soru\u015fturma kapsam\u0131nda belirlenen 7 \u015f\u00fcpheliye y\u00f6nelik e\u015f zamanl\u0131 d\u00fczenlenen operasyonda 5 ki\u015fi yakalanarak g\u00f6zalt\u0131na al\u0131nd\u0131.<\/p>\n<p><strong>TU\u011eBA EK\u0130NC\u0130 DE G\u00d6ZALTINA ALINDI<\/strong><\/p>\n<p><strong>Operasyonda \u015fark\u0131c\u0131 Tu\u011fba Ekinci ile birlikte Ahmet Y., Ozan R\u00fczgar D., Beren A. ve \u00c7a\u011flayan Y. g\u00f6zalt\u0131na al\u0131nd\u0131.<\/strong><\/p>\n<p>\u015e\u00fcphelilerin <strong>Ankara Emniyet M\u00fcd\u00fcrl\u00fc\u011f\u00fc Asayi\u015f \u015eube M\u00fcd\u00fcrl\u00fc\u011f\u00fc Gasp B\u00fcro Amirli\u011findeki i\u015flemlerinin ard\u0131ndan K\u0131z\u0131lcahamam Cumhuriyet Ba\u015fsavc\u0131l\u0131\u011f<\/strong>\u0131na sevk edilmeleri bekleniyor.<\/p>\n<p><strong>SOSYAL MEDYA HESAPLARI \u0130NCELEMEYE ALINDI<\/strong><\/p>\n<p>Soru\u015fturma kapsam\u0131nda \u015f\u00fcphelilere ait sosyal medya hesaplar\u0131 da incelemeye al\u0131nd\u0131.<\/p>\n<p>Yap\u0131lan incelemelerde \u015f\u00fcphelilerin cinsel i\u00e7erikli payla\u015f\u0131mlarda bulunduklar\u0131, \u00e7e\u015fitli sosyal medya platformlar\u0131nda hesaplar a\u00e7t\u0131klar\u0131 ve para kar\u015f\u0131l\u0131\u011f\u0131nda \u00f6zel \u00fcyelik sistemi \u00fczerinden m\u00fcstehcen g\u00f6r\u00fcnt\u00fcler payla\u015ft\u0131klar\u0131 tespit edildi.<\/p>\n<p><strong>B\u0130R \u015e\u00dcPHEL\u0130 ARANIYOR<\/strong><\/p>\n<p>Hakk\u0131nda i\u015flem yap\u0131lan <strong>P\u0131nar G.<\/strong>\u2019nin yakalanmas\u0131na y\u00f6nelik \u00e7al\u0131\u015fmalar\u0131n devam etti\u011fi bildirildi.<\/p>\n<p>Soru\u015fturmadaki di\u011fer \u015f\u00fcpheli <strong>Muhammet E<\/strong>.\u2019nin ise ceza infaz kurumunda bulundu\u011fu tespit edildi.<\/p>\n<p>B\u00f6ylece soru\u015fturma kapsam\u0131nda hakk\u0131nda i\u015flem y\u00fcr\u00fct\u00fclen 7 \u015f\u00fcpheliden 5\u2019i g\u00f6zalt\u0131na al\u0131n\u0131rken, bir \u015f\u00fcphelinin yakalanmas\u0131na y\u00f6nelik \u00e7al\u0131\u015fmalar s\u00fcr\u00fcyor.<\/p>\n<p><strong>EMN\u0130YETTEK\u0130 \u0130\u015eLEMLER\u0130 S\u00dcR\u00dcYOR<\/strong><\/p>\n<p>G\u00f6zalt\u0131na al\u0131nan \u015f\u00fcphelilerin<strong> Ankara Emniyet M\u00fcd\u00fcrl\u00fc\u011f\u00fc<\/strong>ndeki i\u015flemleri devam ediyor. \u0130\u015flemlerin tamamlanmas\u0131n\u0131n ard\u0131ndan \u015f\u00fcphelilerin soru\u015fturmay\u0131 y\u00fcr\u00fcten <strong>K\u0131z\u0131lcahamam Cumhuriyet Ba\u015fsavc\u0131l\u0131\u011f\u0131<\/strong>na sevk edilmeleri bekleniyor.<\/p>\n<p><strong>ET\u0130KETLER: #Tu\u011fbaEkinci #K\u0131z\u0131lcahamam #Ankara #Operasyon #G\u00f6zalt\u0131 #SosyalMedya #Asayi\u015f<\/strong><\/p>\n<p>K\u0131z\u0131lcahamam Cumhuriyet Ba\u015fsavc\u0131l\u0131\u011f\u0131 koordinesinde sosyal medya \u00fczerinden m\u00fcstehcen i\u00e7erik payla\u015f\u0131ld\u0131\u011f\u0131 iddias\u0131na y\u00f6nelik y\u00fcr\u00fct\u00fclen soru\u015fturmada 5 ilde e\u015f zamanl\u0131 operasyon d\u00fczenlendi. Aralar\u0131nda \u015fark\u0131c\u0131 Tu\u011fba Ekinci\u2019nin de bulundu\u011fu 5 \u015f\u00fcpheli g\u00f6zalt\u0131na al\u0131n\u0131rken, bir \u015f\u00fcphelinin yakalanmas\u0131 i\u00e7in \u00e7al\u0131\u015fmalar\u0131n s\u00fcrd\u00fc\u011f\u00fc, bir \u015f\u00fcphelinin ise ceza infaz kurumunda bulundu\u011fu belirlendi.\u00a0<a href=\"https:\/\/www.son.tv\/flas-operasyon-para-karsiligi-mustehcen-icerik-sorusturmasi-sanatci-tugba-ekinci-dahil-5-supheli-gozaltinda\/\" target=\"_blank\" class=\"feedzy-rss-link-icon\">Read More<\/a><\/p>","protected":false},"excerpt":{"rendered":"<p>SON.TV\/ANKARA K\u0131z\u0131lcahamam Cumhuriyet Ba\u015fsavc\u0131l\u0131\u011f\u0131 koordinesinde, Ankara Emniyet M\u00fcd\u00fcrl\u00fc\u011f\u00fc Asayi\u015f \u015eube M\u00fcd\u00fcrl\u00fc\u011f\u00fcnce sosyal medya platformlar\u0131 \u00fczerinden \u201cm\u00fcstehcenlik\u201d su\u00e7una y\u00f6nelik y\u00fcr\u00fct\u00fclen \u00e7al\u0131\u015fmalar kapsam\u0131nda 5 ilde operasyon ger\u00e7ekle\u015ftirildi. Soru\u015fturma kapsam\u0131nda belirlenen 7 \u015f\u00fcpheliye y\u00f6nelik e\u015f zamanl\u0131 d\u00fczenlenen operasyonda 5 ki\u015fi yakalanarak g\u00f6zalt\u0131na al\u0131nd\u0131. TU\u011eBA EK\u0130NC\u0130 DE G\u00d6ZALTINA ALINDI Operasyonda \u015fark\u0131c\u0131 Tu\u011fba Ekinci ile birlikte Ahmet Y., Ozan R\u00fczgar [&hellip;]<\/p>\n","protected":false},"author":1,"featured_media":0,"comment_status":"open","ping_status":"open","sticky":false,"template":"","format":"standard","meta":{"footnotes":"","_links_to":"","_links_to_target":""},"categories":[1],"tags":[],"class_list":["post-42631","post","type-post","status-publish","format-standard","hentry","category-haberler"],"_links":{"self":[{"href":"https:\/\/www.abchukuk.com\/index.php\/wp-json\/wp\/v2\/posts\/42631","targetHints":{"allow":["GET"]}}],"collection":[{"href":"https:\/\/www.abchukuk.com\/index.php\/wp-json\/wp\/v2\/posts"}],"about":[{"href":"https:\/\/www.abchukuk.com\/index.php\/wp-json\/wp\/v2\/types\/post"}],"author":[{"embeddable":true,"href":"https:\/\/www.abchukuk.com\/index.php\/wp-json\/wp\/v2\/users\/1"}],"replies":[{"embeddable":true,"href":"https:\/\/www.abchukuk.com\/index.php\/wp-json\/wp\/v2\/comments?post=42631"}],"version-history":[{"count":0,"href":"https:\/\/www.abchukuk.com\/index.php\/wp-json\/wp\/v2\/posts\/42631\/revisions"}],"wp:attachment":[{"href":"https:\/\/www.abchukuk.com\/index.php\/wp-json\/wp\/v2\/media?parent=42631"}],"wp:term":[{"taxonomy":"category","embeddable":true,"href":"https:\/\/www.abchukuk.com\/index.php\/wp-json\/wp\/v2\/categories?post=42631"},{"taxonomy":"post_tag","embeddable":true,"href":"https:\/\/www.abchukuk.com\/index.php\/wp-json\/wp\/v2\/tags?post=42631"}],"curies":[{"name":"wp","href":"https:\/\/api.w.org\/{rel}","templated":true}]}}